{"id":60691,"date":"2007-07-18T15:39:17","date_gmt":"2007-07-18T13:39:17","guid":{"rendered":"https:\/\/mediarun.com\/index.php\/news-posts\/dariusz-tuzimek-w-nsport\/"},"modified":"2007-07-18T15:39:17","modified_gmt":"2007-07-18T13:39:17","slug":"dariusz-tuzimek-w-nsport","status":"publish","type":"post","link":"https:\/\/mediarun.com\/pl\/media\/tv\/dariusz-tuzimek-w-nsport.html","title":{"rendered":"Dariusz Tuzimek w Nsport"},"content":{"rendered":"<p>Ju\u017c w 2005 roku Dariusz Tuzimek wyst\u0119powa\u0142 w roli eksperta w produkowanym obecnie przez Nsport magazynie pi\u0142karskim Orange Ekstraklasa. W ubieg\u0142ym roku wsp\u00f3\u0142pracowa\u0142 z Telewizja Polsk\u0105, w kt\u00f3rej by\u0142 ekspertem studia Ligi Mistrz\u00f3w. <\/p>\n<p>Od najbli\u017cszego sezonu pi\u0142karskiego dziennikarz powraca do grona sta\u0142ych wsp\u00f3\u0142pracownik\u00f3w kana\u0142u Nsport. Umowa zawarta mi\u0119dzy stacj\u0105, a Tuziakiem zak\u0142ada obecno\u015b\u0107 dziennikarza m.in. w programie Orange Ekstraklasa, programach Ligi Mistrz\u00f3w, Pucharu UEFA i Pucharu Polski. <\/p>\n<p>Tuzimek otrzyma tak\u017ce sw\u00f3j w\u0142asny program. W ram\u00f3wce Nsport magazyn dziennikarza ma si\u0119 pojawi\u0107 w przysz\u0142ym roku. &#8211; Jeszcze zbyt wcze\u015bnie aby m\u00f3wi\u0107 o konkretnym kszta\u0142cie programu &#8211; m\u00f3wi nam Grzegorz P\u0142aza, szef Nsport.<\/p>\n","protected":false},"excerpt":{"rendered":"Nsport rozpoczyna prac\u0119 nad autorskim programem Dariusza Tuzimka, kt\u00f3ry mia\u0142by si\u0119 pojawi\u0107 na antenie kana\u0142u sportowego w przysz\u0142ym roku. Dziennikarz do\u0142\u0105czy\u0142 tak\u017ce do grona sta\u0142ych wsp\u00f3\u0142pracownik\u00f3w stacji.","protected":false},"author":1,"featured_media":60692,"comment_status":"open","ping_status":"closed","sticky":false,"template":"","format":"standard","meta":{"csco_display_header_overlay":false,"csco_singular_sidebar":"","csco_page_header_type":"","csco_page_load_nextpost":"","csco_post_video_location":[],"csco_post_video_location_hash":"","csco_post_video_url":"","csco_post_video_bg_start_time":0,"csco_post_video_bg_end_time":0,"footnotes":""},"categories":[9670],"tags":[],"class_list":{"0":"post-60691","1":"post","2":"type-post","3":"status-publish","4":"format-standard","5":"has-post-thumbnail","7":"category-tv","8":"cs-entry","9":"cs-video-wrap"},"_links":{"self":[{"href":"https:\/\/mediarun.com\/pl\/wp-json\/wp\/v2\/posts\/60691","targetHints":{"allow":["GET"]}}],"collection":[{"href":"https:\/\/mediarun.com\/pl\/wp-json\/wp\/v2\/posts"}],"about":[{"href":"https:\/\/mediarun.com\/pl\/wp-json\/wp\/v2\/types\/post"}],"author":[{"embeddable":true,"href":"https:\/\/mediarun.com\/pl\/wp-json\/wp\/v2\/users\/1"}],"replies":[{"embeddable":true,"href":"https:\/\/mediarun.com\/pl\/wp-json\/wp\/v2\/comments?post=60691"}],"version-history":[{"count":0,"href":"https:\/\/mediarun.com\/pl\/wp-json\/wp\/v2\/posts\/60691\/revisions"}],"wp:featuredmedia":[{"embeddable":true,"href":"https:\/\/mediarun.com\/pl\/wp-json\/wp\/v2\/media\/60692"}],"wp:attachment":[{"href":"https:\/\/mediarun.com\/pl\/wp-json\/wp\/v2\/media?parent=60691"}],"wp:term":[{"taxonomy":"category","embeddable":true,"href":"https:\/\/mediarun.com\/pl\/wp-json\/wp\/v2\/categories?post=60691"},{"taxonomy":"post_tag","embeddable":true,"href":"https:\/\/mediarun.com\/pl\/wp-json\/wp\/v2\/tags?post=60691"}],"curies":[{"name":"wp","href":"https:\/\/api.w.org\/{rel}","templated":true}]}}