{"id":60624,"date":"2007-07-20T03:14:20","date_gmt":"2007-07-20T01:14:20","guid":{"rendered":"https:\/\/mediarun.com\/index.php\/news-posts\/ranczo-bedzie-w-kinach\/"},"modified":"2007-07-20T03:14:20","modified_gmt":"2007-07-20T01:14:20","slug":"ranczo-bedzie-w-kinach","status":"publish","type":"post","link":"https:\/\/mediarun.com\/pl\/media\/tv\/ranczo-bedzie-w-kinach.html","title":{"rendered":"&#8222;Ranczo&#8221; b\u0119dzie w kinach"},"content":{"rendered":"<p>W filmie &#8222;Ranczo Wilkowyje&#8221; zobaczy\u0107 b\u0119dzie mo\u017cna m.in. Ilon\u0119 Ostrowsk\u0105, Cezarego \u017baka, Paw\u0142a Kr\u00f3likowskiego, Artura Barcisia, Jacka Kawalca i Dorot\u0119 Choteck\u0105.<\/p>\n<p>Autorami scenariusza produkcji fabularnej s\u0105 te same osoby, kt\u00f3re pisz\u0105 serial, czyli Robert Brutter i Jerzy Niemczuk. Re\u017cyserii podj\u0105\u0142 si\u0119, podobnie jak w przypadku telewizyjnego &#8222;Rancza&#8221;, Wojciech Adamczyk. Za muzyk\u0119 odpowiada natomiast Krzesimir D\u0119bski.<\/p>\n<p>Adamczyk na \u0142amach Dziennika zdradza, \u017ce film b\u0119dzie mieszank\u0105 w\u0105tk\u00f3w komediowych, romantycznych, sensacyjnych, a nawet batalistycznych.<\/p>\n<p>Zdj\u0119cia odbywaj\u0105 si\u0119 w Warszawie, Jeruzalu, Latowiczu i Sokule. Potrwaj\u0105 do ko\u0144ca wakacji. W\u00f3wczas rozpoczn\u0105 si\u0119 zdj\u0119cia do serialu, kt\u00f3ry koniec planowany jest przed \u015awi\u0119tami Bo\u017cego Narodzenia. 13 nowych odcink\u00f3w serialu &#8222;Ranczo&#8221; pojawi si\u0119 w ram\u00f3wce TVP1 wiosn\u0105 przysz\u0142ego roku.<\/p>\n","protected":false},"excerpt":{"rendered":"We wtorek rozpocz\u0119\u0142y si\u0119 zdj\u0119cia do filmu fabularnego &#8222;Ranczo Wilkowyje&#8221;, w kt\u00f3rym zobaczy\u0107 b\u0119dzie mo\u017cna aktor\u00f3w znanych z popularnego serialu TVP1 &#8222;Ranczo&#8221;. Produkcja pojawi si\u0119 w kinach wiosn\u0105 przysz\u0142ego roku.","protected":false},"author":1,"featured_media":60625,"comment_status":"open","ping_status":"closed","sticky":false,"template":"","format":"standard","meta":{"csco_display_header_overlay":false,"csco_singular_sidebar":"","csco_page_header_type":"","csco_page_load_nextpost":"","csco_post_video_location":[],"csco_post_video_location_hash":"","csco_post_video_url":"","csco_post_video_bg_start_time":0,"csco_post_video_bg_end_time":0,"footnotes":""},"categories":[9670],"tags":[],"class_list":{"0":"post-60624","1":"post","2":"type-post","3":"status-publish","4":"format-standard","5":"has-post-thumbnail","7":"category-tv","8":"cs-entry","9":"cs-video-wrap"},"_links":{"self":[{"href":"https:\/\/mediarun.com\/pl\/wp-json\/wp\/v2\/posts\/60624","targetHints":{"allow":["GET"]}}],"collection":[{"href":"https:\/\/mediarun.com\/pl\/wp-json\/wp\/v2\/posts"}],"about":[{"href":"https:\/\/mediarun.com\/pl\/wp-json\/wp\/v2\/types\/post"}],"author":[{"embeddable":true,"href":"https:\/\/mediarun.com\/pl\/wp-json\/wp\/v2\/users\/1"}],"replies":[{"embeddable":true,"href":"https:\/\/mediarun.com\/pl\/wp-json\/wp\/v2\/comments?post=60624"}],"version-history":[{"count":0,"href":"https:\/\/mediarun.com\/pl\/wp-json\/wp\/v2\/posts\/60624\/revisions"}],"wp:featuredmedia":[{"embeddable":true,"href":"https:\/\/mediarun.com\/pl\/wp-json\/wp\/v2\/media\/60625"}],"wp:attachment":[{"href":"https:\/\/mediarun.com\/pl\/wp-json\/wp\/v2\/media?parent=60624"}],"wp:term":[{"taxonomy":"category","embeddable":true,"href":"https:\/\/mediarun.com\/pl\/wp-json\/wp\/v2\/categories?post=60624"},{"taxonomy":"post_tag","embeddable":true,"href":"https:\/\/mediarun.com\/pl\/wp-json\/wp\/v2\/tags?post=60624"}],"curies":[{"name":"wp","href":"https:\/\/api.w.org\/{rel}","templated":true}]}}