{"id":60549,"date":"2007-07-23T13:30:42","date_gmt":"2007-07-23T11:30:42","guid":{"rendered":"https:\/\/mediarun.com\/index.php\/news-posts\/zaloba-narodowa-w-mediach-3\/"},"modified":"2007-07-23T13:30:42","modified_gmt":"2007-07-23T11:30:42","slug":"zaloba-narodowa-w-mediach-3","status":"publish","type":"post","link":"https:\/\/mediarun.com\/pl\/media\/tv\/zaloba-narodowa-w-mediach-3.html","title":{"rendered":"\u017ba\u0142oba narodowa w mediach"},"content":{"rendered":"<p><B>TVP<\/B><\/p>\n<p>TVP1 zmiany do ram\u00f3wki wprowadzi\u0142a ju\u017c w niedziel\u0119 popo\u0142udniu. Widzowie zamiast komedii &#8222;Czy leci z nami pilot&#8221; mogli obejrze\u0107 film &#8222;Sami dla siebie&#8221;. Z kolei TVP2 nie pokaza\u0142a program\u00f3w &#8222;Kabaretowa scena Dw\u00f3jki &#8211; M jak maj\u00f3wka&#8221; i &#8222;Hity na czasie&#8221;.<\/p>\n<p>Jak informuje centrum prasowe TVP, zmiany programowe na antenach publicznej telewizji b\u0119d\u0105 obowi\u0105zywa\u0107 do \u015brody w\u0142\u0105cznie. Od 23 lipca programy TVP emitowane s\u0105 z czarnym logo. <\/p>\n<p>Kierownictwo TVP podj\u0119\u0142o tak\u017ce decyzj\u0119 o znacznym ograniczeniu emisji reklam podczas \u017ca\u0142oby narodowej.<\/p>\n<p><B>Polsat<\/B><\/p>\n<p>&#8211; Ze wzgl\u0119du na \u017ca\u0142ob\u0119 narodow\u0105 telewizja Polsat zrezygnowa\u0142a z emitowania pozycji komediowych, takich jak: &#8222;Miodowe lata&#8221;, &#8222;Benny Hill&#8221;, &#8222;Daleko od noszy&#8221;, &#8222;I kto tu rz\u0105dzi&#8221;. Zamiast nich nadawane s\u0105 filmy fabularne &#8211; m\u00f3wi nam Monika Polewska z biura prasowego stacji.<\/p>\n<p><B>TVN<\/B><\/p>\n<p>Grupa TVN ju\u017c w niedziel\u0119 wieczorem zmieni\u0142a ram\u00f3wk\u0119 swoich kana\u0142\u00f3w. Do \u015brody kana\u0142y koncernu nie b\u0119dzie emitowa\u0142 seriali komediowych, program\u00f3w rozrywkowych, satyrycznych czy audycji interaktywnych typu call tv. &#8211; Zostan\u0105 one zast\u0105pione filmami fabularnymi i serialami &#8211; informuje TVN.<\/p>\n<p>TVN w zwi\u0105zku z \u017ca\u0142ob\u0105 odwo\u0142a\u0142 poniedzia\u0142kowy i wtorkowy koncert na sopockim Molo. Wyst\u0119py zaplanowane na pierwszy z nich odb\u0119d\u0105 si\u0119 w po\u0142owie sierpnia. Z kolei Enrique Iglesias, kt\u00f3ry mia\u0142 zagra\u0107 na Molo we wtorek, zadeklarowa\u0142 wst\u0119pnie, \u017ce wyst\u0105pi w trakcie drugiego dnia Sopot Festival, czyli 2 wrze\u015bnia.<\/p>\n<p><B>TV4<\/B><\/p>\n<p>TV4 pierwsze zmiany do ram\u00f3wki wprowadzi\u0142a ju\u017c w nocy z niedzieli na poniedzia\u0142ek. Stacja nie emituje do \u015brody w\u0142\u0105cznie program\u00f3w rozrywkowych, interaktywnych, muzycznych, a tak\u017ce seriali komediowych, <\/p>\n<p>&#8211; W ich miejsce nadawane s\u0105 m.in. programy z muzyk\u0105 klasyczn\u0105, filmy fabularne i programy kulturalne &#8211; m\u00f3wi nam Marta Sprawka z dzia\u0142u marketingu i PR TV4.<\/p>\n<p><B>RMF FM<\/B><\/p>\n<p>RMF FM do \u015brody w\u0142\u0105cznie emitowa\u0107 b\u0119dzie stonowan\u0105 muzyk\u0119. Z ram\u00f3wki rozg\u0142o\u015bni na czas \u017ca\u0142oby zosta\u0142 zdj\u0119ty g\u0142\u00f3wny wakacyjny konkurs &#8222;Zabierz Dodzie Mini&#8221;, a tak\u017ce program &#8222;Poplista&#8221; Dariusza Maciborka i spoty autopromocyjne.<\/p>\n<p><B>Radio Zet<\/B><\/p>\n<p>Radio Zet ju\u017c w niedziel\u0119 zmieni\u0142o muzyk\u0119 na bardziej stonowan\u0105. &#8211; W zwi\u0105zku z og\u0142oszon\u0105 \u017ca\u0142ob\u0105 narodow\u0105 na antenie Radia Zet nie b\u0119dzie programu &#8222;Zet Dance&#8221;, spot\u00f3w autopromocyjnych, oraz konkursu &#8222;Kostka Rubika&#8221; &#8211; t\u0142umaczy nam Katarzyna Brzezi\u0144ska, rzecznik prasowy rozg\u0142o\u015bni. Jednak reklamy b\u0119d\u0105 emitowane normalnie.<\/p>\n<p><B>Radiowa Jedynka<\/B><\/p>\n<p>Radiowa Jedynka ju\u017c w niedziel\u0119 popo\u0142udniu wycofa\u0142a spoty autopromocyjne oraz podk\u0142ad pod serwisami informacyjnymi. Zmieniono jingle, a audycje maj\u0105 spokojniejszy charakter. Na czas \u017ca\u0142oby stacja zawiesi\u0142a m.in. audycj\u0119 &#8222;Lato z radiem&#8221;.<\/p>\n<p>Polskie Radio zrezygnowa\u0142o z emitowania reklam w czasie \u017ca\u0142oby.<\/p>\n<p><B>Radiowa Tr\u00f3jka<\/B><\/p>\n<p>Na czas \u017ca\u0142oby Tr\u00f3jka z\u0142agodzi\u0142a brzmienie muzyczne, we wszystkich pasmach i audycjach stonowano charakter prezentowanych nagra\u0144. Zamiast audycji &#8222;Rock&#038;Roll Historia powszechna&#8221;, &#8222;Akademia Rozrywki&#8221; i &#8222;Muzyczna Poczta UKF&#8221; b\u0119dzie emitowana muzyka.<\/p>\n<p><B>Radio Eska, Eska Rock i Vox FM<\/B><\/p>\n<p>Z anten rozg\u0142o\u015bni Grupy Radiowej Time, czyli Radia Eska, Eski Rock i Vox FM, na czas \u017ca\u0142oby znikaj\u0105 konkursy. Zawieszono tak\u017ce emisj\u0119 produkcji zwi\u0105zanych z akcjami specjalnymi. Rozg\u0142o\u015bnie zwi\u0119kszy\u0142y r\u00f3wnie\u017c cz\u0119stotliwo\u015b\u0107 nadawania serwis\u00f3w. <\/p>\n<p>&#8211; Tre\u015bci reklamowe zostan\u0105 zweryfikowane tak, by nie pojawi\u0142y si\u0119 komunikaty, kt\u00f3re mog\u0142yby kogo\u015b urazi\u0107 w zaistnia\u0142ej, powa\u017cnej, sytuacji &#8211; wyja\u015bnia nam Agnieszka Odachowska, PR manager w Grupie Radiowej Time.<\/p>\n<p><B>Radio Bis<\/B><\/p>\n<p>Od poniedzia\u0142ku w zwi\u0105zku z wprowadzona trzydniow\u0105 \u017ca\u0142ob\u0105 narodow\u0105 zosta\u0142a wprowadzona specjalna oprawa muzyczna Radia Bis. W pasmach publicystycznych, jak i autorskich muzycznych dominuje spokojna muzyka z pogranicza elektroniki i popu (chillout) oraz utwory z szerokim wykorzystaniem instrument\u00f3w akustycznych. <\/p>\n<p><B>Radio Tok FM<\/B><\/p>\n<p>Radio Tok FM znaczn\u0105 cz\u0119\u015b\u0107 programu po\u015bwi\u0119cam tematom zwi\u0105zanym z wypadkiem. Rozg\u0142o\u015bnia informuje o sytuacji na bie\u017c\u0105co. Poza tym m.in. przygl\u0105da si\u0119 kwestiom przepis\u00f3w drogowych i bezpiecze\u0144stwa na drodze. &#8211; Stonowali\u015bmy te\u017c nasz\u0105 playlist\u0119. Gramy spokojniejsze utwory &#8211; m\u00f3wi nam Barbara Golas, sekretarz redakcji Tok FM.<\/p>\n<p><B>Radiostacja<\/B><\/p>\n<p>Na antenie Radiostacji do \u015brody nie b\u0119d\u0105 pojawia\u0142y si\u0119 programy rozrywkowe, konkursy i informacje imprezowe. Rozg\u0142o\u015bnia zrezygnowa\u0142a tak\u017ce z materia\u0142\u00f3w autopromocyjnych.<\/p>\n<p><B>Radio Z\u0142ote Przeboje<\/B><\/p>\n<p>Radio Z\u0142ote Przeboje do \u015brody zawiesi\u0142o wybrane audycje i zabawy dla s\u0142uchaczy takie jak m.in.: &#8222;Zgadnij kto to m\u00f3wi&#8221;, &#8222;Niez\u0142y numer&#8221;, &#8222;Z\u0142ote Przeboje w bikini&#8221; czy &#8222;Gwiazdy Wszechczas\u00f3w Wczoraj i Dzi\u015b&#8221;. Rozg\u0142o\u015bnia nadaje w czasie \u017ca\u0142oby spokojniejsze utwory muzyczne.<\/p>\n<p><B>Radio Roxy FM<\/B><\/p>\n<p>Playlista Radia Roxy FM zosta\u0142a stonowana. Jednak z anteny rozg\u0142o\u015bni nie znikn\u0119\u0142y sta\u0142e pozycje programowe, w tym akcja &#8222;Roxy rewolucja&#8221;. &#8211; Roxy FM wstrzyma\u0142o jednak uruchomienie nowego programu &#8211; t\u0142umaczy Agata Szybieniecka z biura prasowego Agory, do kt\u00f3rej nale\u017cy rozg\u0142o\u015bnia.<\/p>\n<p><B>RMF Classic<\/B><\/p>\n<p>RMF Classic zmieni\u0142 muzyk\u0119 emitowana na antenie na stonowan\u0105, utrzyman\u0105 w nastroju zadumy. Z programu na czas \u017ca\u0142oby znikn\u0119\u0142y elementy rozrywkowe oraz wycofany zosta\u0142 wakacyjny konkurs &#8222;Tropem s\u0142\u00f3w&#8221;. <\/p>\n<p><B>RMF Maxxx<\/B><\/p>\n<p>RMF Maxxx w zwi\u0105zku z \u017ca\u0142ob\u0105 zrezygnowa\u0142a z wydania listy &#8222;Hop B\u0119c&#8221; z Przystani \u017bywiec. Stacja rozpocz\u0119\u0142a emisj\u0119 bardziej stonowanej muzyki oraz wycofa\u0142a wakacyjne konkursy i spoty autopromocyjne. <\/p>\n","protected":false},"excerpt":{"rendered":"Prezydent Lech Kaczy\u0144ski og\u0142osi\u0142 trzydniow\u0105 \u017ca\u0142ob\u0119 narodow\u0105 z powodu tragedii polskich pielgrzym\u00f3w we Francji. W zwi\u0105zku z tym stacje radiowe i telewizyjne postanowi\u0142y zmieni\u0107 swoje ram\u00f3wki. Z ich anten znikn\u0119\u0142y m.in. konkursy i programy rozrywkowe.","protected":false},"author":1,"featured_media":0,"comment_status":"open","ping_status":"closed","sticky":false,"template":"","format":"standard","meta":{"csco_display_header_overlay":false,"csco_singular_sidebar":"","csco_page_header_type":"","csco_page_load_nextpost":"","csco_post_video_location":[],"csco_post_video_location_hash":"","csco_post_video_url":"","csco_post_video_bg_start_time":0,"csco_post_video_bg_end_time":0,"footnotes":""},"categories":[9670],"tags":[],"class_list":{"0":"post-60549","1":"post","2":"type-post","3":"status-publish","4":"format-standard","6":"category-tv","7":"cs-entry","8":"cs-video-wrap"},"_links":{"self":[{"href":"https:\/\/mediarun.com\/pl\/wp-json\/wp\/v2\/posts\/60549","targetHints":{"allow":["GET"]}}],"collection":[{"href":"https:\/\/mediarun.com\/pl\/wp-json\/wp\/v2\/posts"}],"about":[{"href":"https:\/\/mediarun.com\/pl\/wp-json\/wp\/v2\/types\/post"}],"author":[{"embeddable":true,"href":"https:\/\/mediarun.com\/pl\/wp-json\/wp\/v2\/users\/1"}],"replies":[{"embeddable":true,"href":"https:\/\/mediarun.com\/pl\/wp-json\/wp\/v2\/comments?post=60549"}],"version-history":[{"count":0,"href":"https:\/\/mediarun.com\/pl\/wp-json\/wp\/v2\/posts\/60549\/revisions"}],"wp:attachment":[{"href":"https:\/\/mediarun.com\/pl\/wp-json\/wp\/v2\/media?parent=60549"}],"wp:term":[{"taxonomy":"category","embeddable":true,"href":"https:\/\/mediarun.com\/pl\/wp-json\/wp\/v2\/categories?post=60549"},{"taxonomy":"post_tag","embeddable":true,"href":"https:\/\/mediarun.com\/pl\/wp-json\/wp\/v2\/tags?post=60549"}],"curies":[{"name":"wp","href":"https:\/\/api.w.org\/{rel}","templated":true}]}}