{"id":60493,"date":"2007-07-25T06:00:00","date_gmt":"2007-07-25T04:00:00","guid":{"rendered":"https:\/\/mediarun.com\/index.php\/news-posts\/zmiany-w-dziale-marketingu-gj-2\/"},"modified":"2007-07-25T06:00:00","modified_gmt":"2007-07-25T04:00:00","slug":"zmiany-w-dziale-marketingu-gj-2","status":"publish","type":"post","link":"https:\/\/mediarun.com\/pl\/media\/prasa\/zmiany-w-dziale-marketingu-gj-2.html","title":{"rendered":"Zmiany w dziale marketingu G+J"},"content":{"rendered":"<p><P>W trzech segmentach w dziale marketingu&nbsp;&#8211; poradniczym, luksusowym i popularnonaukowym&nbsp;&#8211; utworzone zosta\u0142y kluczowe stanowiska mened\u017cer\u00f3w koordynuj\u0105cych prace ka\u017cdego z nich.<\/P><br \/>\n<P>Stanowisko mened\u017cera segmentu pism poradniczych obejmie w po\u0142owie sierpnia Renata Wasiak, kt\u00f3ra ostatnio zwi\u0105zana by\u0142a z domem mediowym Initiative Warszawa.<\/P><br \/>\n<P>Stanowiska mened\u017cera segmentu pism luksusowych i mened\u017cera segmentu pism popularnonaukowych zostan\u0105 obsadzone do ko\u0144ca bie\u017c\u0105cego roku.<\/P><br \/>\n<P>Ponadto w strukturze dzia\u0142u marketingu utworzono stanowiska: mened\u017cera ds. zakup\u00f3w marketingowych (zosta\u0142a nim Izabela Sarnecka zwi\u0105zana z bran\u017c\u0105 wydawnicz\u0105 od 2000 roku) oraz media mened\u017cera odpowiedzialnego za zakup medi\u00f3w, na kt\u00f3re obecnie prowadzona jest rekrutacja.<\/P><br \/>\n<P>Do marketingu wydawnictwa G+J do\u0142\u0105czy\u0142y te\u017c trzy nowe osoby, kt\u00f3ry obj\u0119\u0142y stanowiska senior brand manager\u00f3w. Magdalena S\u0142awi\u0144ska (pracowa\u0142a w dziale reklamy G+J) odpowiedzialna b\u0119dzie za Gal\u0119, Marta Kr\u017cyzanowska (wcze\u015bniej w PTC) za National Geographic i National Geographic Traveler, a Mariusz Bartkowski (ostatnio w Play) za tytu\u0142y Rodzice i Moje Gotowanie).<\/P><br \/>\n<P>Katarzyna Ryciak awansowa\u0142a natomiast z brand managera na senior brand managera miesi\u0119cznika Glamour.<\/P><\/p>\n","protected":false},"excerpt":{"rendered":"Agnieszka Hryniewicz-Bieniek, dyrektor marketingu Gruner+Jahr Polska, wprowadza zmiany w strukturze dzia\u0142u.","protected":false},"author":1,"featured_media":60494,"comment_status":"open","ping_status":"closed","sticky":false,"template":"","format":"standard","meta":{"csco_display_header_overlay":false,"csco_singular_sidebar":"","csco_page_header_type":"","csco_page_load_nextpost":"","csco_post_video_location":[],"csco_post_video_location_hash":"","csco_post_video_url":"","csco_post_video_bg_start_time":0,"csco_post_video_bg_end_time":0,"footnotes":""},"categories":[9673],"tags":[95],"class_list":{"0":"post-60493","1":"post","2":"type-post","3":"status-publish","4":"format-standard","5":"has-post-thumbnail","7":"category-prasa","8":"tag-gj","9":"cs-entry","10":"cs-video-wrap"},"_links":{"self":[{"href":"https:\/\/mediarun.com\/pl\/wp-json\/wp\/v2\/posts\/60493","targetHints":{"allow":["GET"]}}],"collection":[{"href":"https:\/\/mediarun.com\/pl\/wp-json\/wp\/v2\/posts"}],"about":[{"href":"https:\/\/mediarun.com\/pl\/wp-json\/wp\/v2\/types\/post"}],"author":[{"embeddable":true,"href":"https:\/\/mediarun.com\/pl\/wp-json\/wp\/v2\/users\/1"}],"replies":[{"embeddable":true,"href":"https:\/\/mediarun.com\/pl\/wp-json\/wp\/v2\/comments?post=60493"}],"version-history":[{"count":0,"href":"https:\/\/mediarun.com\/pl\/wp-json\/wp\/v2\/posts\/60493\/revisions"}],"wp:featuredmedia":[{"embeddable":true,"href":"https:\/\/mediarun.com\/pl\/wp-json\/wp\/v2\/media\/60494"}],"wp:attachment":[{"href":"https:\/\/mediarun.com\/pl\/wp-json\/wp\/v2\/media?parent=60493"}],"wp:term":[{"taxonomy":"category","embeddable":true,"href":"https:\/\/mediarun.com\/pl\/wp-json\/wp\/v2\/categories?post=60493"},{"taxonomy":"post_tag","embeddable":true,"href":"https:\/\/mediarun.com\/pl\/wp-json\/wp\/v2\/tags?post=60493"}],"curies":[{"name":"wp","href":"https:\/\/api.w.org\/{rel}","templated":true}]}}