{"id":60439,"date":"2007-07-25T12:24:20","date_gmt":"2007-07-25T10:24:20","guid":{"rendered":"https:\/\/mediarun.com\/index.php\/news-posts\/strzyczkowski-z-nowym-programem-w-tvp1\/"},"modified":"2007-07-25T12:24:20","modified_gmt":"2007-07-25T10:24:20","slug":"strzyczkowski-z-nowym-programem-w-tvp1","status":"publish","type":"post","link":"https:\/\/mediarun.com\/pl\/media\/tv\/strzyczkowski-z-nowym-programem-w-tvp1.html","title":{"rendered":"Strzyczkowski z nowym programem w TVP1"},"content":{"rendered":"<p>Z anteny TVP1 znika program &#8222;Z refleksem&#8221;. &#8211; Kierownictwo TVP1 zrezygnowa\u0142o z programu, bo jego ogl\u0105dalno\u015b\u0107 nie spe\u0142ni\u0142a oczekiwa\u0144 &#8211; wyja\u015bnia nam Aneta Wrona, rzecznik prasowy TVP. <\/p>\n<p>Jak pokazuj\u0105 dane AGB Nielsen Media Research, program &#8222;Z refleksem&#8221; ogl\u0105da\u0142o w TVP1 \u015brednio 998 tys. widz\u00f3w (10,57 proc. udzia\u0142\u00f3w w rynku).<\/p>\n<p>By\u0107 mo\u017ce w jesiennej ram\u00f3wce TVP1 pojawi si\u0119 nowy program publicystyczny podsumowuj\u0105cy dzie\u0144. &#8211; Jeszcze za wcze\u015bnie, \u017ceby ods\u0142ania\u0107 plany &#8211; m\u00f3wi nam Wrona.<\/p>\n<p>Rozwa\u017cane jest tak\u017ce jesieni\u0105 kontynuowanie wakacyjnego projektu &#8222;Teleexpress noc\u0105&#8221;. &#8211; Sprawa rozstrzygnie si\u0119 pod koniec sierpnia &#8211; t\u0142umaczy nam Krzysztof Juszczak, szef &#8222;Teleexpressu&#8221;.<\/p>\n<p>Program Kuby Strzyczkowskiego, kt\u00f3ry pojawi si\u0119 na antenie TVP1 pojawi si\u0119 we wrze\u015bniu, ma prezentowa\u0107 sylwetki polityk\u00f3w w trzech ods\u0142onach. &#8211; M.in. b\u0119dzie przedstawia\u0142 dokonania polityk\u00f3w i rozmowy z nimi na tematy dotycz\u0105ce bie\u017c\u0105cej sytuacji w kraju &#8211; opowiada rzecznik prasowy TVP.<\/p>\n<p>Program Strzyczkowskiego b\u0119dzie emitowany co tydzie\u0144 w TVP1. &#8211; Dok\u0142adna pora emisji i tytu\u0142 audycji pozostaj\u0105 jeszcze tajemnic\u0105 &#8211; t\u0142umaczy nam Wrona.<\/p>\n<p>Nie zapad\u0142a jeszcze ostateczna decyzja w sprawie programu S\u0142awomira Sierakowskiego, kt\u00f3ry tak\u017ce m\u00f3g\u0142by pojawi\u0107 si\u0119 w jesiennej ram\u00f3wce TVP1.<\/p>\n","protected":false},"excerpt":{"rendered":"W jesiennej ram\u00f3wce TVP1 zabraknie magazynu &#8222;Z refleksem&#8221;. Niewykluczone, \u017ce po wakacjach widzowie Jedynki b\u0119d\u0105 mogli ogl\u0105da\u0107 nowy program publicystyczny podsumowuj\u0105cy dzie\u0144. TVP1 wprowadzi do ram\u00f3wki tak\u017ce autorski projekt Kuby Strzyczkowskiego.","protected":false},"author":1,"featured_media":60440,"comment_status":"open","ping_status":"closed","sticky":false,"template":"","format":"standard","meta":{"csco_display_header_overlay":false,"csco_singular_sidebar":"","csco_page_header_type":"","csco_page_load_nextpost":"","csco_post_video_location":[],"csco_post_video_location_hash":"","csco_post_video_url":"","csco_post_video_bg_start_time":0,"csco_post_video_bg_end_time":0,"footnotes":""},"categories":[9670],"tags":[],"class_list":{"0":"post-60439","1":"post","2":"type-post","3":"status-publish","4":"format-standard","5":"has-post-thumbnail","7":"category-tv","8":"cs-entry","9":"cs-video-wrap"},"_links":{"self":[{"href":"https:\/\/mediarun.com\/pl\/wp-json\/wp\/v2\/posts\/60439","targetHints":{"allow":["GET"]}}],"collection":[{"href":"https:\/\/mediarun.com\/pl\/wp-json\/wp\/v2\/posts"}],"about":[{"href":"https:\/\/mediarun.com\/pl\/wp-json\/wp\/v2\/types\/post"}],"author":[{"embeddable":true,"href":"https:\/\/mediarun.com\/pl\/wp-json\/wp\/v2\/users\/1"}],"replies":[{"embeddable":true,"href":"https:\/\/mediarun.com\/pl\/wp-json\/wp\/v2\/comments?post=60439"}],"version-history":[{"count":0,"href":"https:\/\/mediarun.com\/pl\/wp-json\/wp\/v2\/posts\/60439\/revisions"}],"wp:featuredmedia":[{"embeddable":true,"href":"https:\/\/mediarun.com\/pl\/wp-json\/wp\/v2\/media\/60440"}],"wp:attachment":[{"href":"https:\/\/mediarun.com\/pl\/wp-json\/wp\/v2\/media?parent=60439"}],"wp:term":[{"taxonomy":"category","embeddable":true,"href":"https:\/\/mediarun.com\/pl\/wp-json\/wp\/v2\/categories?post=60439"},{"taxonomy":"post_tag","embeddable":true,"href":"https:\/\/mediarun.com\/pl\/wp-json\/wp\/v2\/tags?post=60439"}],"curies":[{"name":"wp","href":"https:\/\/api.w.org\/{rel}","templated":true}]}}