{"id":60410,"date":"2007-07-26T06:00:00","date_gmt":"2007-07-26T04:00:00","guid":{"rendered":"https:\/\/mediarun.com\/index.php\/news-posts\/tvp3-poznan-patronem-lecha-poznan\/"},"modified":"2007-07-26T06:00:00","modified_gmt":"2007-07-26T04:00:00","slug":"tvp3-poznan-patronem-lecha-poznan","status":"publish","type":"post","link":"https:\/\/mediarun.com\/pl\/media\/tv\/tvp3-poznan-patronem-lecha-poznan.html","title":{"rendered":"TVP3 Pozna\u0144 patronem Lecha Pozna\u0144"},"content":{"rendered":"<p><P>W poniedzia\u0142ek podpisano umow\u0119, na mocy kt\u00f3rej w programie lokalnym TVP pojawi\u0105 si\u0119 specjalne audycje na temat &#8222;Kolejorza&#8221;, a w zamian za to klub b\u0119dzie promowa\u0142 TVP Pozna\u0144 m.in. na wszystkich swoich no\u015bnikach &#8211; biletach, stadionie i w Internecie. <\/P><br \/>\n<P>Pierwsza wydanie programu &#8222;Kolejorz Gol&#8221; o KKS Lech pojawi si\u0119 na antenie ju\u017c w ten czwartek, czyli tu\u017c przed rozpocz\u0119ciem nowego sezonu pi\u0142karskiego, dzie\u0144 przed pierwszym meczem Lecha Pozna\u0144.<\/P><br \/>\n<P>Magazyny po\u015bwi\u0119cone KKS Lech Pozna\u0144 emitowane b\u0119d\u0105 w ka\u017cdy czwartek i w niedziele o godz. 19:30. W czwartkowych wydaniach programu &#8222;Kolejorz Gol&#8221;, emitowanych na \u017cywo ze stadionu Lecha, pojawi\u0105 wywiady, relacje ze zgrupowa\u0144, komentarze rozgrywek, oceny ekspert\u00f3w i podsumowania wynik\u00f3w klubu w rozgrywkach pi\u0142karskich.<\/P><br \/>\n<P>Dodatkowo w ka\u017cd\u0105 niedziel\u0119 o godz. 19:30 na antenie pozna\u0144skiej telewizji prezentowany b\u0119dzie pi\u0119ciominutowy program podsumowuj\u0105cy miniony tydzie\u0144 w KKS Lech Pozna\u0144. Pierwsze wydanie programu &#8222;Kolejorz Gol&nbsp;&#8211; flesz&#8221; pojawi si\u0119 w niedziel\u0119 29 lipca.<\/P><br \/>\n<P>Nowe programy pozna\u0144skiej telewizji poprowadz\u0105 dziennikarze redakcji sportowej &#8211; Beata Oryl (do\u0142\u0105czy\u0142a do TVP3 Pozna\u0144 w po\u0142owie lipca, jest tak\u017ce wydawc\u0105 i gospodarzem serwis\u00f3w sportowych) i Krzysztof Ratajczak (Radio Merkury). <\/P><\/p>\n","protected":false},"excerpt":{"rendered":"Pozna\u0144ski oddzia\u0142 TVP zosta\u0142 wy\u0142\u0105cznym patronem telewizyjnym KKS Lech Pozna\u0144 w sezonie ligowym 2007\/2008.","protected":false},"author":1,"featured_media":60411,"comment_status":"open","ping_status":"closed","sticky":false,"template":"","format":"standard","meta":{"csco_display_header_overlay":false,"csco_singular_sidebar":"","csco_page_header_type":"","csco_page_load_nextpost":"","csco_post_video_location":[],"csco_post_video_location_hash":"","csco_post_video_url":"","csco_post_video_bg_start_time":0,"csco_post_video_bg_end_time":0,"footnotes":""},"categories":[9670],"tags":[3121],"class_list":{"0":"post-60410","1":"post","2":"type-post","3":"status-publish","4":"format-standard","5":"has-post-thumbnail","7":"category-tv","8":"tag-tvp3","9":"cs-entry","10":"cs-video-wrap"},"_links":{"self":[{"href":"https:\/\/mediarun.com\/pl\/wp-json\/wp\/v2\/posts\/60410","targetHints":{"allow":["GET"]}}],"collection":[{"href":"https:\/\/mediarun.com\/pl\/wp-json\/wp\/v2\/posts"}],"about":[{"href":"https:\/\/mediarun.com\/pl\/wp-json\/wp\/v2\/types\/post"}],"author":[{"embeddable":true,"href":"https:\/\/mediarun.com\/pl\/wp-json\/wp\/v2\/users\/1"}],"replies":[{"embeddable":true,"href":"https:\/\/mediarun.com\/pl\/wp-json\/wp\/v2\/comments?post=60410"}],"version-history":[{"count":0,"href":"https:\/\/mediarun.com\/pl\/wp-json\/wp\/v2\/posts\/60410\/revisions"}],"wp:featuredmedia":[{"embeddable":true,"href":"https:\/\/mediarun.com\/pl\/wp-json\/wp\/v2\/media\/60411"}],"wp:attachment":[{"href":"https:\/\/mediarun.com\/pl\/wp-json\/wp\/v2\/media?parent=60410"}],"wp:term":[{"taxonomy":"category","embeddable":true,"href":"https:\/\/mediarun.com\/pl\/wp-json\/wp\/v2\/categories?post=60410"},{"taxonomy":"post_tag","embeddable":true,"href":"https:\/\/mediarun.com\/pl\/wp-json\/wp\/v2\/tags?post=60410"}],"curies":[{"name":"wp","href":"https:\/\/api.w.org\/{rel}","templated":true}]}}