{"id":60378,"date":"2007-07-26T16:36:55","date_gmt":"2007-07-26T14:36:55","guid":{"rendered":"https:\/\/mediarun.com\/index.php\/news-posts\/nowe-obowiazki-dla-czlonka-zarzadu-tvp\/"},"modified":"2007-07-26T16:36:55","modified_gmt":"2007-07-26T14:36:55","slug":"nowe-obowiazki-dla-czlonka-zarzadu-tvp","status":"publish","type":"post","link":"https:\/\/mediarun.com\/pl\/media\/tv\/nowe-obowiazki-dla-czlonka-zarzadu-tvp.html","title":{"rendered":"Nowe obowi\u0105zki dla cz\u0142onka zarz\u0105du TVP"},"content":{"rendered":"<p>Robert Rynkun &#8211; Werner uwa\u017ca, \u017ce istotne b\u0119dzie przygotowanie szczeg\u00f3\u0142owych za\u0142o\u017ce\u0144 obs\u0142ugi telewizyjnej Euro 2012, w tym dzia\u0142a\u0144 strategiczno &#8211; promocyjnych. Pe\u0142nomocnik, kt\u00f3ry b\u0119dzie odpowiada\u0142 za koordynacj\u0119 tych dzia\u0142a\u0144 chcia\u0142by, aby widzowie TVP mogli na bie\u017c\u0105co \u015bledzi\u0107 przygotowania do Mistrzostw Europy w 2012 roku. Dlatego planowana jest produkcja program\u00f3w relacjonuj\u0105cych przebieg tych przygotowa\u0144. <\/p>\n<p>Do zada\u0144 Rynkun &#8211; Wernera jako pe\u0142nomocnika nale\u017ce\u0107 b\u0119dzie r\u00f3wnie\u017c opracowanie zasad wsp\u00f3\u0142pracy TVP z UEFA i zagranicznymi stacjami telewizyjnymi, obs\u0142uguj\u0105cymi Mistrzostwa Europy.<\/p>\n","protected":false},"excerpt":{"rendered":"Robert Rynkun &#8211; Werner, cz\u0142onek zarz\u0105du TVP, zosta\u0142 powo\u0142any przez zarz\u0105d publicznej telewizji na pe\u0142nomocnika ds. przygotowania obs\u0142ugi telewizyjnej Mistrzostw Europy w pi\u0142ce no\u017cnej w 2012 roku.","protected":false},"author":1,"featured_media":60379,"comment_status":"open","ping_status":"closed","sticky":false,"template":"","format":"standard","meta":{"csco_display_header_overlay":false,"csco_singular_sidebar":"","csco_page_header_type":"","csco_page_load_nextpost":"","csco_post_video_location":[],"csco_post_video_location_hash":"","csco_post_video_url":"","csco_post_video_bg_start_time":0,"csco_post_video_bg_end_time":0,"footnotes":""},"categories":[9670],"tags":[],"class_list":{"0":"post-60378","1":"post","2":"type-post","3":"status-publish","4":"format-standard","5":"has-post-thumbnail","7":"category-tv","8":"cs-entry","9":"cs-video-wrap"},"_links":{"self":[{"href":"https:\/\/mediarun.com\/pl\/wp-json\/wp\/v2\/posts\/60378","targetHints":{"allow":["GET"]}}],"collection":[{"href":"https:\/\/mediarun.com\/pl\/wp-json\/wp\/v2\/posts"}],"about":[{"href":"https:\/\/mediarun.com\/pl\/wp-json\/wp\/v2\/types\/post"}],"author":[{"embeddable":true,"href":"https:\/\/mediarun.com\/pl\/wp-json\/wp\/v2\/users\/1"}],"replies":[{"embeddable":true,"href":"https:\/\/mediarun.com\/pl\/wp-json\/wp\/v2\/comments?post=60378"}],"version-history":[{"count":0,"href":"https:\/\/mediarun.com\/pl\/wp-json\/wp\/v2\/posts\/60378\/revisions"}],"wp:featuredmedia":[{"embeddable":true,"href":"https:\/\/mediarun.com\/pl\/wp-json\/wp\/v2\/media\/60379"}],"wp:attachment":[{"href":"https:\/\/mediarun.com\/pl\/wp-json\/wp\/v2\/media?parent=60378"}],"wp:term":[{"taxonomy":"category","embeddable":true,"href":"https:\/\/mediarun.com\/pl\/wp-json\/wp\/v2\/categories?post=60378"},{"taxonomy":"post_tag","embeddable":true,"href":"https:\/\/mediarun.com\/pl\/wp-json\/wp\/v2\/tags?post=60378"}],"curies":[{"name":"wp","href":"https:\/\/api.w.org\/{rel}","templated":true}]}}