{"id":60315,"date":"2007-07-30T06:00:00","date_gmt":"2007-07-30T04:00:00","guid":{"rendered":"https:\/\/mediarun.com\/index.php\/news-posts\/projektant-dla-gwiazd-i-mas\/"},"modified":"2007-07-30T06:00:00","modified_gmt":"2007-07-30T04:00:00","slug":"projektant-dla-gwiazd-i-mas","status":"publish","type":"post","link":"https:\/\/mediarun.com\/pl\/ludzie\/awanse\/projektant-dla-gwiazd-i-mas.html","title":{"rendered":"Projektant dla gwiazd i mas"},"content":{"rendered":"<p><P>Armani s\u0142ynie nie tylko ze wspania\u0142ych kolekcji stroj\u00f3w, ale te\u017c z tego, \u017ce prowadzi jeden z ostatnich niezale\u017cnych dom\u00f3w mody. Wi\u0119kszo\u015b\u0107 najbardziej znanych marek nale\u017cy do \u015bwiatowych grup, np. LVMH czy Richemont.<\/P><br \/>\n<P>Dlatego nikogo w bran\u017cy nie zdziwi\u0142o, gdy niemiecki dziennik Handelsblatt napisa\u0142, \u017ce Armani chce sprzeda\u0107 firm\u0119 i wybiera si\u0119 na emerytur\u0119. Ale on si\u0119 zarzeka, \u017ce nawet je\u015bli przestanie zarz\u0105dza\u0107 domem mody, to jego stery przejmie siostra i jej dzieci &#8211; terminuj\u0105 ju\u017c w firmie i ucz\u0105 si\u0119 ni\u0105 zarz\u0105dza\u0107.<\/P><br \/>\n<P>Nic nie zapowiada\u0142o, \u017ce Armani zajmie si\u0119 projektowaniem ubra\u0144. Jako m\u0142ody cz\u0142owiek widzia\u0142 si\u0119 raczej w uniformie lekarskim albo z aparatem fotograficznym. &#8211; Nigdy nie przysz\u0142o mi do g\u0142owy, \u017ce b\u0119d\u0119 kre\u015bli\u0142 i szy\u0142 stroje &#8211; wspomina.<\/P><br \/>\n<P>Jednak gdy z rodzinnej Piacenzy przyjecha\u0142 do \u015bwiatowego Mediolanu, zacz\u0105\u0142 prac\u0119 dekoratora wystaw sklepowych. Na tyle udanie, \u017ce po kilku latach zosta\u0142 zaproszony do wsp\u00f3\u0142pracy w domu mody Nino Cerruti. I od razu otrzyma\u0142 zadanie zaprojektowania nowej m\u0119skiej linii. Ju\u017c jego pierwsza kolekcja zosta\u0142a uznana za wyj\u0105tkowo atrakcyjn\u0105.<\/P><br \/>\n<P>Po dziewi\u0119ciu latach sukces\u00f3w przeszed\u0142 na swoje. Wtedy te\u017c zmieni\u0142 \u00f3wczesne podej\u015bcie do m\u0119skiego wizerunku &#8211; zrezygnowa\u0142 z za ma\u0142ych marynarek, wypru\u0142 z ramion poduszki. 24 lipca 1975 r. wsp\u00f3lnie ze swoim partnerem Sergio Galeottim (kt\u00f3ry zmar\u0142 na AIDS dziesi\u0119\u0107 lat p\u00f3\u017aniej) za\u0142o\u017cy\u0142 firm\u0119 Giorgio Armani.<\/P><br \/>\n<P>Aby stworzy\u0107 pierwsz\u0105 firmowan\u0105 przez siebie m\u0119sk\u0105 kolekcj\u0119, musia\u0142 sprzeda\u0107 ukochanego volkswagena garbusa. Sprzeda\u0142 go tak dobrze, \u017ce m\u00f3g\u0142 stworzy\u0107 pierwsz\u0105 lini\u0119 damsk\u0105.<\/P><br \/>\n<P>Naprawd\u0119 du\u017ce pieni\u0105dze zacz\u0105\u0142 jednak zarabia\u0107 dopiero w USA &#8211; jego projektami zachwyci\u0142 si\u0119 w\u0142a\u015bciciel Barneysa, jednego z bardziej znanych nowojorskich centr\u00f3w handlowych. Kupi\u0142 na wy\u0142\u0105czno\u015b\u0107 prawa do sprzedawania kolekcji Armaniego. W pierwszym roku w\u0142oski projektant zarobi\u0142 w Nowym Jorku 90 tysi\u0119cy dolar\u00f3w &#8211; pi\u0119\u0107 lat p\u00f3\u017aniej ju\u017c 14 milion\u00f3w.<\/P><br \/>\n<P>Sukces spowodowa\u0142, \u017ce zacz\u0105\u0142 powa\u017cnie my\u015ble\u0107 o w\u0142asnej sieci &#8211; pierwszy sklep otworzy\u0142 w 1981 r. w Mediolanie. Dzisiaj ma w 39 krajach ponad 300 salon\u00f3w.<\/P><br \/>\n<P>Armani dosy\u0107 szybko si\u0119 zorientowa\u0142, jak\u0105 niezwyk\u0142\u0105 si\u0142\u0105 marketingow\u0105 jest show-biznes. Ubrania noszone przez gwiazdy filmowe czy muzyczne zach\u0119caj\u0105 znacznie mocniej do kupowania ni\u017c setki reklam w gazetach. Dlatego w 1980 r. zaprojektowa\u0142 kostiumy dla Richarda Gere&#8217;a do filmu &#8222;Ameryka\u0144ski \u017cigolak&#8221;. Efekt zaskoczy\u0142 samego projektanta, mimo \u017ce film, delikatnie m\u00f3wi\u0105c, nie by\u0142 arcydzie\u0142em. Szybko przysz\u0142y kolejne produkcje dla gwiazd. Armani jest autorem niekt\u00f3rych kostium\u00f3w w &#8222;Batmanie&#8221; Tima Burtona i tego\u017c re\u017cysera &#8222;Marsjanie atakuj\u0105&#8221;. Jego kreacje pojawiaj\u0105 si\u0119 te\u017c w filmach Pedro Almod\u00f3vara (&#8222;Wysokie obcasy&#8221;) czy w &#8222;Pulp Fiction&#8221; Quentina Tarantino. Zdoby\u0142 te\u017c uznanie megagwiazd: Julii Roberts, Jodie Foster, obie regularnie nosz\u0105 jego kolekcje. Zacz\u0105\u0142 te\u017c projektowa\u0107 stroje na trasy koncertowe Davida Bowie, Tiny Turner czy Nelly Furtado.<\/P><br \/>\n<P>Jako jeden z pierwszych zorientowa\u0142 si\u0119, \u017ce mo\u017cna te\u017c nie\u017ale zarabia\u0107 na mniej zamo\u017cnych, kt\u00f3rych nie sta\u0107 na kreacje za dziesi\u0105tki tysi\u0119cy dolar\u00f3w.<\/P><br \/>\n<P>Wielu ludzi chce mie\u0107 co\u015b z logo Armani, tak\u0105 namiastk\u0119 luksusu. W my\u015bl zasady: nie sta\u0107 mnie na garnitur, kupi\u0119 cho\u0107 perfumy. Dlatego ju\u017c w 1980 r. podpisa\u0142 umow\u0119 na u\u017cyczenie licencji firmie L&#8217;Oreal, jednej z najwi\u0119kszych grup kosmetycznych na \u015bwiecie. On tworzy\u0142 zapachy &#8211; koncern zapewnia\u0142 dystrybucj\u0119. I by\u0142 to kolejny strza\u0142 w dziesi\u0105tk\u0119 &#8211; zapachy takie jak Aqua di Gio czy Sensi od lat z \u0142atwo\u015bci\u0105 znajduj\u0105 klient\u00f3w. Sprzeda\u017c kosmetyk\u00f3w Giorgio w ubieg\u0142ym roku zwi\u0119kszy\u0142a si\u0119 o 14 procent.<\/P><br \/>\n<P>Dla wielu jednak ekspert\u00f3w takie umasowienie i rozmienienie si\u0119 na drobne w kolejnych sektorach grozi degradacj\u0105 warto\u015bci marki. Tak si\u0119 sta\u0142o z Pierre Cardinem &#8211; tanie perfumy tej marki mo\u017cna kupi\u0107 nawet w supermarketach. Mimo to Armani wprowadza na rynek swoje kolejne produkty. W sumie ma kilka linii damskich i m\u0119skich (Emporio, Collezioni, Priv\u00e9), dzieci\u0119c\u0105, d\u017cinsow\u0105, artyku\u0142y do wyposa\u017cenia wn\u0119trz (Armani Casa). Swoim nazwiskiem firmuje te\u017c 14 kawiarni na ca\u0142ym \u015bwiecie. W Mediolanie ma dwie luksusowe restauracje: Nobu i Priv\u00e9, oraz firm\u0119 florystyczn\u0105 i cukierni\u0119.<\/P><br \/>\n<P>The Economist okre\u015bli\u0142 Armaniego jako pioniera w ekspansji luksusowych marek. Przek\u0142ada si\u0119 to na wyniki finansowe &#8211; w ubieg\u0142ym roku przychody grupy Armaniego osi\u0105gn\u0119\u0142y 2 miliardy euro i wzros\u0142y o 11 procent w por\u00f3wnaniu z rokiem wcze\u015bniejszym. Przy zysku operacyjnym niemal 250 mln euro wzrost wyni\u00f3s\u0142 19 proc.<\/P><br \/>\n<P>Armani mimo finansowych sukces\u00f3w nie pr\u00f3\u017cnuje. W tym roku chce otworzy\u0107 na ca\u0142ym \u015bwiecie 50 nowych sklep\u00f3w.<\/P><br \/>\n<P>&#8211; Wyniki pokazuj\u0105, \u017ce nasze inwestycje dokonane w ci\u0105gu kilku lat w stworzenie wyj\u0105tkowego modelu owocuj\u0105 teraz dynamicznym wzrostem we wszystkich regionach i kategoriach produkt\u00f3w &#8211; m\u00f3wi Armani w komentarzu do rocznego raportu swojego imperium.<\/P><br \/>\n<P>Wchodzi wi\u0119c teraz bez obaw na nowe rynki w: Brazylii, Indonezji czy Zjednoczonych Emiratach Arabskich. Jako jeden z pierwszych zauwa\u017cy\u0142 te\u017c, \u017ce rynek towar\u00f3w luksusowych najszybciej ro\u015bnie na Dalekim Wschodzie &#8211; ju\u017c w 1987 r. za\u0142o\u017cy\u0142 firm\u0119 joint venture w Japonii. W najbli\u017cszym czasie otworzy za\u015b swoj pierwszy salon w Warszawie.<\/P><\/p>\n","protected":false},"excerpt":{"rendered":"Swoje odzie\u017cowo-kosmetyczne imperium tworzy\u0142 trzy dekady. Udanie. Dzi\u015b jego warto\u015b\u0107 szacuje si\u0119 na 5 mld euro.","protected":false},"author":1,"featured_media":0,"comment_status":"open","ping_status":"closed","sticky":false,"template":"","format":"standard","meta":{"csco_display_header_overlay":false,"csco_singular_sidebar":"","csco_page_header_type":"","csco_page_load_nextpost":"","csco_post_video_location":[],"csco_post_video_location_hash":"","csco_post_video_url":"","csco_post_video_bg_start_time":0,"csco_post_video_bg_end_time":0,"footnotes":""},"categories":[9678],"tags":[1879],"class_list":{"0":"post-60315","1":"post","2":"type-post","3":"status-publish","4":"format-standard","6":"category-awanse","7":"tag-dziennik","8":"cs-entry","9":"cs-video-wrap"},"_links":{"self":[{"href":"https:\/\/mediarun.com\/pl\/wp-json\/wp\/v2\/posts\/60315","targetHints":{"allow":["GET"]}}],"collection":[{"href":"https:\/\/mediarun.com\/pl\/wp-json\/wp\/v2\/posts"}],"about":[{"href":"https:\/\/mediarun.com\/pl\/wp-json\/wp\/v2\/types\/post"}],"author":[{"embeddable":true,"href":"https:\/\/mediarun.com\/pl\/wp-json\/wp\/v2\/users\/1"}],"replies":[{"embeddable":true,"href":"https:\/\/mediarun.com\/pl\/wp-json\/wp\/v2\/comments?post=60315"}],"version-history":[{"count":0,"href":"https:\/\/mediarun.com\/pl\/wp-json\/wp\/v2\/posts\/60315\/revisions"}],"wp:attachment":[{"href":"https:\/\/mediarun.com\/pl\/wp-json\/wp\/v2\/media?parent=60315"}],"wp:term":[{"taxonomy":"category","embeddable":true,"href":"https:\/\/mediarun.com\/pl\/wp-json\/wp\/v2\/categories?post=60315"},{"taxonomy":"post_tag","embeddable":true,"href":"https:\/\/mediarun.com\/pl\/wp-json\/wp\/v2\/tags?post=60315"}],"curies":[{"name":"wp","href":"https:\/\/api.w.org\/{rel}","templated":true}]}}