{"id":60204,"date":"2007-08-01T06:00:00","date_gmt":"2007-08-01T04:00:00","guid":{"rendered":"https:\/\/mediarun.com\/index.php\/news-posts\/tv4-dla-solorza-zaka\/"},"modified":"2007-08-01T06:00:00","modified_gmt":"2007-08-01T04:00:00","slug":"tv4-dla-solorza-zaka","status":"publish","type":"post","link":"https:\/\/mediarun.com\/pl\/media\/tv\/tv4-dla-solorza-zaka.html","title":{"rendered":"TV4 dla Solorza-\u017baka?"},"content":{"rendered":"<p><P>Zygmunt Solorz-\u017bak, w\u0142a\u015bciciel Polsatu, przej\u0105\u0142 TV Biznes. Jest zainteresowany TV4, nale\u017c\u0105c\u0105 do Polskich Medi\u00f3w. W przysz\u0142ym roku Polsat ma zadebiutowa\u0107 na gie\u0142dzie. Solorz b\u0119dzie m\u00f3g\u0142 wtedy przej\u0105\u0107 t\u0119 stacj\u0119.<BR><BR>&#8211; Przej\u0119cie nie jest mo\u017cliwe przed debiutem Polsatu, bo oznacza\u0142oby to konieczno\u015b\u0107 sporz\u0105dzania na nowo sprawozda\u0144 finansowych. TV4 widzia\u0142bym jako telewizj\u0119 adresowan\u0105 przede wszystkim do widowni miejskiej, uzupe\u0142niaj\u0105c\u0105 ofert\u0119 programow\u0105 Polsatu&nbsp;&#8211; m\u00f3wi PB Zygmunt Solorz-\u017bak.<BR><BR>Juliusz Braun, ekspert w dziedzinie medi\u00f3w, by\u0142y szef Krajowej Rady Radiofonii i Telewizji, komentuje w PB:<BR>&#8211;&nbsp;Rozbudowywanie grupy Polsatu to dzia\u0142anie jak najbardziej logiczne. TVN ma grup\u0119, a w dodatku na horyzoncie pojawi\u0142 si\u0119 Rupert Murdoch. Rynek zmierza ku specjalizacji.<BR><BR>W\u0142a\u015bciciel Polsatu zaj\u0119ty jest na razie spraw\u0105 umowy z Axelem Springerem o sprzeda\u017cy 25 proc. i jednej akcji Polsatu. Transakcja spowoduje obj\u0119cie wsp\u00f3\u0142kontroli nad Polsatem przez inwestora &#8211; uzna\u0142 Urz\u0105d Ochrony Konkurencji i Konsument\u00f3w. Solorz-\u017bak&nbsp;musi wznowi\u0107 negocjacje z koncernem. Zapewnia, \u017ce ta konieczno\u015b\u0107 nie wp\u0142ywa na gie\u0142dowe plany stacji. <BR><BR>&#8211;&nbsp;Tak czy inaczej, zadebiutujemy w 2008 r. Trudno powiedzie\u0107, czy nast\u0105pi to w pierwszej, czy w drugiej po\u0142owie roku &#8211; m\u00f3wi PB Solorz-\u017bak.<\/P><\/p>\n","protected":false},"excerpt":{"rendered":"Z umowy ze Springerem si\u0119 nie wycofam, w 2008 r. wejd\u0119 na gie\u0142d\u0119 i porozmawiam o TV4 &#8211; zapowiada Zygmunt Solorz-\u017bak na \u0142amach Puls Biznesu.","protected":false},"author":1,"featured_media":60205,"comment_status":"open","ping_status":"closed","sticky":false,"template":"","format":"standard","meta":{"csco_display_header_overlay":false,"csco_singular_sidebar":"","csco_page_header_type":"","csco_page_load_nextpost":"","csco_post_video_location":[],"csco_post_video_location_hash":"","csco_post_video_url":"","csco_post_video_bg_start_time":0,"csco_post_video_bg_end_time":0,"footnotes":""},"categories":[9670],"tags":[97,126],"class_list":{"0":"post-60204","1":"post","2":"type-post","3":"status-publish","4":"format-standard","5":"has-post-thumbnail","7":"category-tv","8":"tag-polsat","9":"tag-ringier-axel-springer","10":"cs-entry","11":"cs-video-wrap"},"_links":{"self":[{"href":"https:\/\/mediarun.com\/pl\/wp-json\/wp\/v2\/posts\/60204","targetHints":{"allow":["GET"]}}],"collection":[{"href":"https:\/\/mediarun.com\/pl\/wp-json\/wp\/v2\/posts"}],"about":[{"href":"https:\/\/mediarun.com\/pl\/wp-json\/wp\/v2\/types\/post"}],"author":[{"embeddable":true,"href":"https:\/\/mediarun.com\/pl\/wp-json\/wp\/v2\/users\/1"}],"replies":[{"embeddable":true,"href":"https:\/\/mediarun.com\/pl\/wp-json\/wp\/v2\/comments?post=60204"}],"version-history":[{"count":0,"href":"https:\/\/mediarun.com\/pl\/wp-json\/wp\/v2\/posts\/60204\/revisions"}],"wp:featuredmedia":[{"embeddable":true,"href":"https:\/\/mediarun.com\/pl\/wp-json\/wp\/v2\/media\/60205"}],"wp:attachment":[{"href":"https:\/\/mediarun.com\/pl\/wp-json\/wp\/v2\/media?parent=60204"}],"wp:term":[{"taxonomy":"category","embeddable":true,"href":"https:\/\/mediarun.com\/pl\/wp-json\/wp\/v2\/categories?post=60204"},{"taxonomy":"post_tag","embeddable":true,"href":"https:\/\/mediarun.com\/pl\/wp-json\/wp\/v2\/tags?post=60204"}],"curies":[{"name":"wp","href":"https:\/\/api.w.org\/{rel}","templated":true}]}}