{"id":60192,"date":"2007-08-01T06:00:00","date_gmt":"2007-08-01T04:00:00","guid":{"rendered":"https:\/\/mediarun.com\/index.php\/news-posts\/skonczy-sie-lato-zacznie-sie-info\/"},"modified":"2007-08-01T06:00:00","modified_gmt":"2007-08-01T04:00:00","slug":"skonczy-sie-lato-zacznie-sie-info","status":"publish","type":"post","link":"https:\/\/mediarun.com\/pl\/media\/tv\/skonczy-sie-lato-zacznie-sie-info.html","title":{"rendered":"Sko\u0144czy si\u0119 lato, zacznie si\u0119 Info"},"content":{"rendered":"<p><P>Nadawca wydaje w sumie kilkadziesi\u0105t milion\u00f3w z\u0142otych na nowoczesny sprz\u0119t i wozy transmisyjne. Wozy trafi\u0105 do o\u015brodk\u00f3w regionalnych TVP 3. Na bazie tej ponadregionalnej stacji powstanie nowy program informacyjny. O\u015brodki TVP 3 i ich pasma regionalne zostan\u0105 zachowane. B\u0119d\u0105 zbiera\u0142y materia\u0142y do og\u00f3lnego pasma. Te, kt\u00f3re dotychczas nie mia\u0142y w\u0142asnych siedzib, dostan\u0105 je &#8211; tak b\u0119dzie m.in. w Kielcach &#8211; informuje Rzeczpospolita.<\/P><br \/>\n<P>&#8211; TVP 3 ju\u017c teraz jest kana\u0142em informacyjno-publicystycznym i ewoluuje &#8211; m\u00f3wi &#8222;Rz&#8221; Marcin Bochenek z zarz\u0105du TVP.<\/P><br \/>\n<P>Aby zwi\u0119kszy\u0107 dost\u0119pno\u015b\u0107 nowego kana\u0142u, TVP 3 b\u0119dzie wraz z nadawcami og\u00f3lnopolskimi stara\u0107 si\u0119 w Krajowej Radzie Radiofonii i Telewizji o dodatkowe cz\u0119stotliwo\u015bci, kt\u00f3re pozwol\u0105 jej na nadawanie w tych cz\u0119\u015bciach kraju, gdzie jeszcze nie ma zasi\u0119gu &#8211; informuje Rzeczpospolita.<\/P><br \/>\n<P>Nie wiadomo jeszcze czy kana\u0142y tematyczne TVP nadawane&nbsp;za po\u015brednictwem satelity&nbsp;b\u0119d\u0105 kodowane czy og\u00f3lnodost\u0119pne.<\/P><br \/>\n<P>&#8211; Do 30 stycznia 2008 roku, zgodnie z umow\u0105 zawart\u0105 z Polsk\u0105 Izb\u0105 Komunikacji Elektronicznej, kana\u0142y TVP s\u0105 og\u00f3lnodost\u0119pne. Kodowany jest jednak TVP Sport. Musimy tak robi\u0107, bo prawa do rozgrywek s\u0105 bardzo drogie i wi\u0105\u017ce si\u0119 z nimi konieczno\u015b\u0107 okre\u015blania, do ilu odbiorc\u00f3w b\u0119d\u0105 nadawane &#8211; m\u00f3wi Rzeczpospolitej Bochenek. Nie wyja\u015bnia jednak, jak dystrybucja b\u0119dzie wygl\u0105da\u0142a p\u00f3\u017aniej.<\/P><\/p>\n","protected":false},"excerpt":{"rendered":"Jesieni\u0105 ruszy nowy kana\u0142 informacyjny &#8211; TVP Info. Uruchomi go TVP. B\u0119dzie konkurencj\u0105 dla TV Biznes i TVN 24.","protected":false},"author":1,"featured_media":60193,"comment_status":"open","ping_status":"closed","sticky":false,"template":"","format":"standard","meta":{"csco_display_header_overlay":false,"csco_singular_sidebar":"","csco_page_header_type":"","csco_page_load_nextpost":"","csco_post_video_location":[],"csco_post_video_location_hash":"","csco_post_video_url":"","csco_post_video_bg_start_time":0,"csco_post_video_bg_end_time":0,"footnotes":""},"categories":[9670],"tags":[361],"class_list":{"0":"post-60192","1":"post","2":"type-post","3":"status-publish","4":"format-standard","5":"has-post-thumbnail","7":"category-tv","8":"tag-rzeczpospolita","9":"cs-entry","10":"cs-video-wrap"},"_links":{"self":[{"href":"https:\/\/mediarun.com\/pl\/wp-json\/wp\/v2\/posts\/60192","targetHints":{"allow":["GET"]}}],"collection":[{"href":"https:\/\/mediarun.com\/pl\/wp-json\/wp\/v2\/posts"}],"about":[{"href":"https:\/\/mediarun.com\/pl\/wp-json\/wp\/v2\/types\/post"}],"author":[{"embeddable":true,"href":"https:\/\/mediarun.com\/pl\/wp-json\/wp\/v2\/users\/1"}],"replies":[{"embeddable":true,"href":"https:\/\/mediarun.com\/pl\/wp-json\/wp\/v2\/comments?post=60192"}],"version-history":[{"count":0,"href":"https:\/\/mediarun.com\/pl\/wp-json\/wp\/v2\/posts\/60192\/revisions"}],"wp:featuredmedia":[{"embeddable":true,"href":"https:\/\/mediarun.com\/pl\/wp-json\/wp\/v2\/media\/60193"}],"wp:attachment":[{"href":"https:\/\/mediarun.com\/pl\/wp-json\/wp\/v2\/media?parent=60192"}],"wp:term":[{"taxonomy":"category","embeddable":true,"href":"https:\/\/mediarun.com\/pl\/wp-json\/wp\/v2\/categories?post=60192"},{"taxonomy":"post_tag","embeddable":true,"href":"https:\/\/mediarun.com\/pl\/wp-json\/wp\/v2\/tags?post=60192"}],"curies":[{"name":"wp","href":"https:\/\/api.w.org\/{rel}","templated":true}]}}