{"id":60121,"date":"2007-08-02T16:14:09","date_gmt":"2007-08-02T14:14:09","guid":{"rendered":"https:\/\/mediarun.com\/index.php\/news-posts\/onet-pl-i-tvn-zainwestuja-w-krakowie-150-mln-zl\/"},"modified":"2007-08-02T16:14:09","modified_gmt":"2007-08-02T14:14:09","slug":"onet-pl-i-tvn-zainwestuja-w-krakowie-150-mln-zl","status":"publish","type":"post","link":"https:\/\/mediarun.com\/pl\/media\/tv\/onet-pl-i-tvn-zainwestuja-w-krakowie-150-mln-zl.html","title":{"rendered":"Onet.pl i TVN zainwestuj\u0105 w Krakowie 150 mln z\u0142"},"content":{"rendered":"<p>Jak poinformowa\u0142 dziennikarzy prezes Onet SA Jan \u0141ukasz Wejchert, nowa inwestycja powstanie na terenie III Kampusu Uniwersytetu Jagiello\u0144skiego w Krakowie-Pychowicach. Obszar ten wchodzi w sk\u0142ad krakowskiej Specjalnej Strefy Ekonomicznej (SSE). W nowym kompleksie swoj\u0105 siedzib\u0119 znajdzie portal internetowy Onet.pl oraz krakowski oddzia\u0142 sp\u00f3\u0142ki TVN SA. B\u0119dzie tam docelowo pracowa\u0107 oko\u0142o tysi\u0105ca os\u00f3b.<\/p>\n<p>&#8211; Pierwszy etap inwestycji to serwerownia, a potem powsta\u0107 ma ca\u0142y kompleks z siedzib\u0105 Onetu i jego zapleczem technologicznym, a tak\u017ce nowoczesnymi studiami produkcyjnymi na potrzeby telewizji TVN &#8211; wyja\u015bni\u0142 Wejchert.<\/p>\n<p>&#8211; Bardzo si\u0119 cieszymy, \u017ce pod jednym dachem znajdzie si\u0119 produkcja internetowa i telewizyjna, bo pozwoli to stworzy\u0107 zaplecze nowej generacji, z konwergencj\u0105 telewizji i internetu &#8211; doda\u0142.<\/p>\n<p>Zdaniem prezesa realny termin rozpocz\u0119cia budowy kompleksu to przysz\u0142y rok, a jej zako\u0144czenia mo\u017cna si\u0119 spodziewa\u0107 w ci\u0105gu najbli\u017cszych lat. Wejchert podkre\u015bli\u0142, \u017ce o wyborze Krakowa na miejsce inwestycji zadecydowa\u0142 bardzo szybki rozw\u00f3j portalu Onet.pl, kt\u00f3ry swoj\u0105 g\u0142\u00f3wn\u0105 siedzib\u0119 ma w tym mie\u015bcie. Obecnie w sp\u00f3\u0142ce pracuje oko\u0142o 550 os\u00f3b. Wa\u017cna by\u0142a te\u017c dobra wsp\u00f3\u0142praca z w\u0142adzami miasta oraz dost\u0119pno\u015b\u0107 wysokokwalifikowanych absolwent\u00f3w szk\u00f3\u0142 wy\u017cszych.<\/p>\n<p>Prezydent Krakowa Jacek Majchrowski zaznaczy\u0142, \u017ce lokalizacja inwestycji Onetu pozwoli miastu dalej pod\u0105\u017ca\u0107 w kierunku o\u015brodka, gdzie lokalizowane s\u0105 przedsi\u0119wzi\u0119cia z sektora wysokich technologii. W Krakowie swoj\u0105 siedzib\u0119 ma tak\u017ce inny du\u017cy portal internetowy &#8211; Interia.pl.<\/p>\n<p>Rektor Uniwersytetu Jagiello\u0144skiego prof. Karol Musio\u0142 podkre\u015bli\u0142, \u017ce uczelnia do komercyjnej cz\u0119\u015bci III Kampusu stara si\u0119 sprowadza\u0107 firmy z sektora wysokich technologii, oferuj\u0105ce zar\u00f3wno prac\u0119 jej absolwentom, jak i wsp\u00f3\u0142prac\u0119 poszczeg\u00f3lnym wydzia\u0142om UJ. Od kilku lat dzia\u0142a tam ju\u017c centrum oprogramowana koncernu Motorola.<\/p>\n","protected":false},"excerpt":{"rendered":"Kosztem blisko 150 mln z\u0142 powstanie w Krakowie nowa siedziba portalu internetowego Onet.pl i tamtejszego oddzia\u0142u telewizji TVN. W czwartek przedstawiciele Grupy Onet, w\u0142adz miasta i Uniwersytetu Jagiello\u0144skiego podpisali list intencyjny w sprawie realizacji inwestycji.","protected":false},"author":1,"featured_media":60122,"comment_status":"open","ping_status":"closed","sticky":false,"template":"","format":"standard","meta":{"csco_display_header_overlay":false,"csco_singular_sidebar":"","csco_page_header_type":"","csco_page_load_nextpost":"","csco_post_video_location":[],"csco_post_video_location_hash":"","csco_post_video_url":"","csco_post_video_bg_start_time":0,"csco_post_video_bg_end_time":0,"footnotes":""},"categories":[9670],"tags":[],"class_list":{"0":"post-60121","1":"post","2":"type-post","3":"status-publish","4":"format-standard","5":"has-post-thumbnail","7":"category-tv","8":"cs-entry","9":"cs-video-wrap"},"_links":{"self":[{"href":"https:\/\/mediarun.com\/pl\/wp-json\/wp\/v2\/posts\/60121","targetHints":{"allow":["GET"]}}],"collection":[{"href":"https:\/\/mediarun.com\/pl\/wp-json\/wp\/v2\/posts"}],"about":[{"href":"https:\/\/mediarun.com\/pl\/wp-json\/wp\/v2\/types\/post"}],"author":[{"embeddable":true,"href":"https:\/\/mediarun.com\/pl\/wp-json\/wp\/v2\/users\/1"}],"replies":[{"embeddable":true,"href":"https:\/\/mediarun.com\/pl\/wp-json\/wp\/v2\/comments?post=60121"}],"version-history":[{"count":0,"href":"https:\/\/mediarun.com\/pl\/wp-json\/wp\/v2\/posts\/60121\/revisions"}],"wp:featuredmedia":[{"embeddable":true,"href":"https:\/\/mediarun.com\/pl\/wp-json\/wp\/v2\/media\/60122"}],"wp:attachment":[{"href":"https:\/\/mediarun.com\/pl\/wp-json\/wp\/v2\/media?parent=60121"}],"wp:term":[{"taxonomy":"category","embeddable":true,"href":"https:\/\/mediarun.com\/pl\/wp-json\/wp\/v2\/categories?post=60121"},{"taxonomy":"post_tag","embeddable":true,"href":"https:\/\/mediarun.com\/pl\/wp-json\/wp\/v2\/tags?post=60121"}],"curies":[{"name":"wp","href":"https:\/\/api.w.org\/{rel}","templated":true}]}}