{"id":60111,"date":"2007-08-03T06:00:00","date_gmt":"2007-08-03T04:00:00","guid":{"rendered":"https:\/\/mediarun.com\/index.php\/news-posts\/infor-wiecej-osob-w-biurze-reklamy\/"},"modified":"2007-08-03T06:00:00","modified_gmt":"2007-08-03T04:00:00","slug":"infor-wiecej-osob-w-biurze-reklamy","status":"publish","type":"post","link":"https:\/\/mediarun.com\/pl\/ludzie\/awanse\/infor-wiecej-osob-w-biurze-reklamy.html","title":{"rendered":"Infor: wi\u0119cej os\u00f3b w biurze reklamy"},"content":{"rendered":"<p><P>W poniedzia\u0142ek do\u0142\u0105cz\u0105 do niego: Marta Wo\u0142owska, Dorota Frydryszewska i Iwona Krzanowska.<\/P><br \/>\n<P>Marta Wo\u0142owska (poprzednio pracuj\u0105ca w biurze reklamy Rzeczpospolitej) i Dorota Frydryszewska (zwi\u0105zana dotychczas z wydawc\u0105 magazynu Euroflota) do\u0142\u0105cz\u0105 do dzia\u0142u sprzeda\u017cy bezpo\u015bredniej, a Iwona Krzanowska (wcze\u015bniej w firmat Migut) b\u0119dzie pracowa\u0107 w dziale agencyjnym.<\/P><br \/>\n<P>W sumie na pocz\u0105tku sierpnia do zespo\u0142u biura reklamy grupy Infor do\u0142\u0105czy 6 os\u00f3b.<\/P><\/p>\n","protected":false},"excerpt":{"rendered":"Kolejne osoby wzmocni\u0105 biuro reklamy wydawnictwa Infor.","protected":false},"author":1,"featured_media":60112,"comment_status":"open","ping_status":"closed","sticky":false,"template":"","format":"standard","meta":{"csco_display_header_overlay":false,"csco_singular_sidebar":"","csco_page_header_type":"","csco_page_load_nextpost":"","csco_post_video_location":[],"csco_post_video_location_hash":"","csco_post_video_url":"","csco_post_video_bg_start_time":0,"csco_post_video_bg_end_time":0,"footnotes":""},"categories":[9678],"tags":[],"class_list":{"0":"post-60111","1":"post","2":"type-post","3":"status-publish","4":"format-standard","5":"has-post-thumbnail","7":"category-awanse","8":"cs-entry","9":"cs-video-wrap"},"_links":{"self":[{"href":"https:\/\/mediarun.com\/pl\/wp-json\/wp\/v2\/posts\/60111","targetHints":{"allow":["GET"]}}],"collection":[{"href":"https:\/\/mediarun.com\/pl\/wp-json\/wp\/v2\/posts"}],"about":[{"href":"https:\/\/mediarun.com\/pl\/wp-json\/wp\/v2\/types\/post"}],"author":[{"embeddable":true,"href":"https:\/\/mediarun.com\/pl\/wp-json\/wp\/v2\/users\/1"}],"replies":[{"embeddable":true,"href":"https:\/\/mediarun.com\/pl\/wp-json\/wp\/v2\/comments?post=60111"}],"version-history":[{"count":0,"href":"https:\/\/mediarun.com\/pl\/wp-json\/wp\/v2\/posts\/60111\/revisions"}],"wp:featuredmedia":[{"embeddable":true,"href":"https:\/\/mediarun.com\/pl\/wp-json\/wp\/v2\/media\/60112"}],"wp:attachment":[{"href":"https:\/\/mediarun.com\/pl\/wp-json\/wp\/v2\/media?parent=60111"}],"wp:term":[{"taxonomy":"category","embeddable":true,"href":"https:\/\/mediarun.com\/pl\/wp-json\/wp\/v2\/categories?post=60111"},{"taxonomy":"post_tag","embeddable":true,"href":"https:\/\/mediarun.com\/pl\/wp-json\/wp\/v2\/tags?post=60111"}],"curies":[{"name":"wp","href":"https:\/\/api.w.org\/{rel}","templated":true}]}}