{"id":60086,"date":"2007-08-03T06:00:00","date_gmt":"2007-08-03T04:00:00","guid":{"rendered":"https:\/\/mediarun.com\/index.php\/news-posts\/hitlerowskie-filmy-na-youtube-hackowanie-kanalow-dystrybucji-totalitarnej-propagandy\/"},"modified":"2007-08-03T06:00:00","modified_gmt":"2007-08-03T04:00:00","slug":"hitlerowskie-filmy-na-youtube-hackowanie-kanalow-dystrybucji-totalitarnej-propagandy","status":"publish","type":"post","link":"https:\/\/mediarun.com\/pl\/ludzie\/wywiad\/hitlerowskie-filmy-na-youtube-hackowanie-kanalow-dystrybucji-totalitarnej-propagandy.html","title":{"rendered":"Hitlerowskie filmy na YouTube &#8211; hackowanie kana\u0142\u00f3w dystrybucji totalitarnej propagandy"},"content":{"rendered":"<p><P>&#8222;Ewige Jude&#8221; (&#8222;Wieczny \u017byd&#8221;), &#8222;Heimkehr&#8221; (&#8222;Powr\u00f3t do domu&#8221;) i &#8222;Feldzug in Polen&#8221; (&#8222;Kampania w Polsce&#8221;).<\/P><br \/>\n<P>Jak znalaz\u0142y si\u0119 one w internecie? Niemieckie instytucje, kt\u00f3re s\u0105 posiadaczami praw autorskich do nich, blokuj\u0105 rozpowszechnianie nazistowskiej propagandy z lat 1933 &#8211; 1945. &#8211; Wy\u0142\u0105cznie naukowcy maj\u0105cy odpowiednie pozwolenie s\u0105 upowa\u017cnieni do wypo\u017cyczania tych film\u00f3w. Jest to bardzo ostro kontrolowane &#8211; m\u00f3wi &#8220;Rz&#8221; Monika Heusterberg z Federalnego Archiwum Filmowego w Berlinie. Zaznacza, \u017ce po to, aby ograniczy\u0107 dost\u0119pno\u015b\u0107 tych film\u00f3w, nie zosta\u0142y one zapisane na nowoczesnych no\u015bnikach, a ich umieszczenie na YouTube jest przest\u0119pstwem -zar\u00f3wno rozpowszechniania propagandy nazistowskiej, jak i \u0142amania praw autorskich. <\/P><br \/>\n<P>Sprawa przypomnia troch\u0119 sytuacj\u0119 z &#8222;Mein Kampf&#8221;. Oto niemiecki historyk Horst Moeller (dyrektor Instytutu Historii Wsp\u00f3\u0142czesnej w Monachium) opowiedzia\u0142 si\u0119 w pi\u015bmie &#8222;Frankfurter Allgemeine Zeitung&#8221; za ostatecznym opublikowaniem naukowego i krytycznego wydania tekstu Hitlera.<\/P><br \/>\n<P>W\u0142adze Bawarii, kt\u00f3re posiadaj\u0105 prawa autorskie do ksi\u0105\u017cki, sprzeciwiaj\u0105 si\u0119 jej wydaniu uwa\u017caj\u0105c, \u017ce powszechnie dost\u0119pna publikacja mog\u0142aby przyczyni\u0107 si\u0119 do odrodzenia skrajnie prawicowej ideologii. Wydanie kontrowersyjnej ksi\u0105\u017cki odradza te\u017c niemieckie Ministerstwo Spraw Zagranicznych, obawiaj\u0105c si\u0119 negatywnych skutk\u00f3w dla mi\u0119dzynarodowego wizerunku Niemiec.<\/P><br \/>\n<P>Horst Moeller powiedzia\u0142 &#8220;FAZ&#8221;, \u017ce nie da si\u0119 logicznie uzasadni\u0107, dlaczego mo\u017cliwe by\u0142o wydanie dziennik\u00f3w szefa nazistowskiej propagandy Josepha Goebbelsa, czy te\u017c s\u0142u\u017cbowego kalendarza dow\u00f3dcy SS i policji Heinricha Himmlera, a publikacja &#8220;Mein Kampf&#8221; jest niemo\u017cliwa. Wszystkie mo\u017cliwe nazistowskie pisma, pod\u017cegaj\u0105ce przeciwko innym, zosta\u0142y opublikowane, z wyj\u0105tkiem &#8220;Mein Kampf&#8221; &#8211; zauwa\u017cy\u0142 historyk. Doda\u0142, \u017ce w niekt\u00f3rych krajach, jak chocia\u017cby w Izraelu, ksi\u0105\u017cka jest dost\u0119pna; mo\u017cna j\u0105 r\u00f3wnie\u017c przeczyta\u0107 w internecie. <\/P><br \/>\n<P>W obu przypadkach s\u0142uszne zakazy propagowania tre\u015bci nazistowskich konfrontowane s\u0105 z mo\u017cliwo\u015bciami internetu, kt\u00f3ry sta\u0142 si\u0119 wielkim i pozbawionym kontroli kana\u0142em dystrybucji. Skoro mo\u017cna opublikowa\u0107 w sieci chronione przez 10 milion\u00f3w funt\u00f3w nowe wydanie Harrego Pottera, na pewno osoby chc\u0105ce w ten spos\u00f3b propagowa\u0107 totalitarne ideologie nie b\u0119d\u0105 mia\u0142y z tym wi\u0119kszych problem\u00f3w. W ko\u0144cu &#8220;Mein Kampf&#8221; jest bez problemu osi\u0105galny w niemal ka\u017cdej sieci P2P.<\/P><br \/>\n<P>Warto zada\u0107 pytanie, na ile oficjalne zakazy mog\u0105 hamowa\u0107 rozprzestrzenianie si\u0119 tego typu tre\u015bci. By\u0107 mo\u017ce inicjatywa Horsta Moellera by\u0142aby warta rozwa\u017cenia o tyle, o ile proponuje ona przej\u0119cie dotychczasowego modelu dystrybucji pozbawionej kontroli (nielegalne wydania, dystrybucja w formie PDF-\u00f3w, serwisy spo\u0142eczno\u015bciowe). W ten schemat wpuszczone mog\u0142yby zosta\u0107 odpowiednio przygotowane materia\u0142y. Osoby szukaj\u0105ce cho\u0107by wyda\u0144 &#8220;Mein Kampf&#8221;, \u015bci\u0105ga\u0142yby pliki opatrzone tym tytu\u0142em. Jednak zamiast czystego tekstu Hitlera otrzymywa\u0142yby solidn\u0105 porcj\u0119 wiedzy o realiach III Rzeszy i skutkach jej ideologii.<\/P><br \/>\n<P>By\u0107 mo\u017ce powodem tak wielkiej popularno\u015bci tekstu Hitlera jest zwyk\u0142a g\u0142upia ciekawo\u015b\u0107 dotarcia do czego\u015b, co jest oficjalnie zakazane i uznane za z\u0142e. Wykorzystanie istniej\u0105cego ju\u017c kana\u0142u dystrybucji pozwoli\u0142oby na dotarcie z edukacyjnym przes\u0142aniem bezpo\u015brednio do tych, kt\u00f3rzy w pierwszej kolejno\u015bci powinni go otrzyma\u0107.<BR><BR><BR><STRONG>Marcin Wilkowski<\/STRONG><\/P><br \/>\n<P>Artyku\u0142 pochodzi z serwisu <A href=\"http:\/\/historiaimedia.org\">Historia i Media<\/A>, zajmuj\u0105cego si\u0119 tematyk\u0105 relacji mi\u0119dzy histori\u0105 a mediami &#8211; w tym internetem.<\/P><\/p>\n","protected":false},"excerpt":{"rendered":"Rzeczpospolita donios\u0142a o istnieniu w zasobach YouTube takich &quot;pere\u0142ek&quot; nazistowskiej propagandy jak &quot;Jud S\u00fcss&quot; (&quot;\u017byd S\u00fcss&quot;)&#8230;","protected":false},"author":1,"featured_media":60087,"comment_status":"open","ping_status":"closed","sticky":false,"template":"","format":"standard","meta":{"csco_display_header_overlay":false,"csco_singular_sidebar":"","csco_page_header_type":"","csco_page_load_nextpost":"","csco_post_video_location":[],"csco_post_video_location_hash":"","csco_post_video_url":"","csco_post_video_bg_start_time":0,"csco_post_video_bg_end_time":0,"footnotes":""},"categories":[45],"tags":[361,274],"class_list":{"0":"post-60086","1":"post","2":"type-post","3":"status-publish","4":"format-standard","5":"has-post-thumbnail","7":"category-wywiad","8":"tag-rzeczpospolita","9":"tag-youtube","10":"cs-entry","11":"cs-video-wrap"},"_links":{"self":[{"href":"https:\/\/mediarun.com\/pl\/wp-json\/wp\/v2\/posts\/60086","targetHints":{"allow":["GET"]}}],"collection":[{"href":"https:\/\/mediarun.com\/pl\/wp-json\/wp\/v2\/posts"}],"about":[{"href":"https:\/\/mediarun.com\/pl\/wp-json\/wp\/v2\/types\/post"}],"author":[{"embeddable":true,"href":"https:\/\/mediarun.com\/pl\/wp-json\/wp\/v2\/users\/1"}],"replies":[{"embeddable":true,"href":"https:\/\/mediarun.com\/pl\/wp-json\/wp\/v2\/comments?post=60086"}],"version-history":[{"count":0,"href":"https:\/\/mediarun.com\/pl\/wp-json\/wp\/v2\/posts\/60086\/revisions"}],"wp:featuredmedia":[{"embeddable":true,"href":"https:\/\/mediarun.com\/pl\/wp-json\/wp\/v2\/media\/60087"}],"wp:attachment":[{"href":"https:\/\/mediarun.com\/pl\/wp-json\/wp\/v2\/media?parent=60086"}],"wp:term":[{"taxonomy":"category","embeddable":true,"href":"https:\/\/mediarun.com\/pl\/wp-json\/wp\/v2\/categories?post=60086"},{"taxonomy":"post_tag","embeddable":true,"href":"https:\/\/mediarun.com\/pl\/wp-json\/wp\/v2\/tags?post=60086"}],"curies":[{"name":"wp","href":"https:\/\/api.w.org\/{rel}","templated":true}]}}