{"id":59701,"date":"2007-08-14T14:50:03","date_gmt":"2007-08-14T12:50:03","guid":{"rendered":"https:\/\/mediarun.com\/index.php\/news-posts\/nowe-pasmo-filmowe-w-ale-kino-2\/"},"modified":"2007-08-14T14:50:03","modified_gmt":"2007-08-14T12:50:03","slug":"nowe-pasmo-filmowe-w-ale-kino-2","status":"publish","type":"post","link":"https:\/\/mediarun.com\/pl\/media\/tv\/nowe-pasmo-filmowe-w-ale-kino-2.html","title":{"rendered":"Nowe pasmo filmowe w Ale kino"},"content":{"rendered":"<p>Pasmo &#8222;Festiwale&#8221; emitowane b\u0119dzie w co drugi czwartek o godz. 20.00, na przemian z pasmem &#8222;Ale \u015bwiat&#8221;. W najbli\u017cszym czasie widzowie Ale kino w nowym cyklu zobacz\u0105: &#8222;13 Tzameti&#8221;, &#8222;Requiem&#8221;, &#8222;Braci&#8221; i &#8222;Trio z Belleville&#8221;.<\/p>\n","protected":false},"excerpt":{"rendered":"We wrze\u015bniu na antenie kana\u0142u Ale kino pojawi si\u0119 nowe pasmo &#8222;Festiwale&#8221;. Stacja prezentowa\u0107 w nim b\u0119dzie filmy, kt\u00f3re w ostatnich latach zdobywa\u0142y nagrody na najwa\u017cniejszych festiwalach filmowych, a nie s\u0105 znane szerokiej publiczno\u015bci.","protected":false},"author":1,"featured_media":59702,"comment_status":"open","ping_status":"closed","sticky":false,"template":"","format":"standard","meta":{"csco_display_header_overlay":false,"csco_singular_sidebar":"","csco_page_header_type":"","csco_page_load_nextpost":"","csco_post_video_location":[],"csco_post_video_location_hash":"","csco_post_video_url":"","csco_post_video_bg_start_time":0,"csco_post_video_bg_end_time":0,"footnotes":""},"categories":[9670],"tags":[],"class_list":{"0":"post-59701","1":"post","2":"type-post","3":"status-publish","4":"format-standard","5":"has-post-thumbnail","7":"category-tv","8":"cs-entry","9":"cs-video-wrap"},"_links":{"self":[{"href":"https:\/\/mediarun.com\/pl\/wp-json\/wp\/v2\/posts\/59701","targetHints":{"allow":["GET"]}}],"collection":[{"href":"https:\/\/mediarun.com\/pl\/wp-json\/wp\/v2\/posts"}],"about":[{"href":"https:\/\/mediarun.com\/pl\/wp-json\/wp\/v2\/types\/post"}],"author":[{"embeddable":true,"href":"https:\/\/mediarun.com\/pl\/wp-json\/wp\/v2\/users\/1"}],"replies":[{"embeddable":true,"href":"https:\/\/mediarun.com\/pl\/wp-json\/wp\/v2\/comments?post=59701"}],"version-history":[{"count":0,"href":"https:\/\/mediarun.com\/pl\/wp-json\/wp\/v2\/posts\/59701\/revisions"}],"wp:featuredmedia":[{"embeddable":true,"href":"https:\/\/mediarun.com\/pl\/wp-json\/wp\/v2\/media\/59702"}],"wp:attachment":[{"href":"https:\/\/mediarun.com\/pl\/wp-json\/wp\/v2\/media?parent=59701"}],"wp:term":[{"taxonomy":"category","embeddable":true,"href":"https:\/\/mediarun.com\/pl\/wp-json\/wp\/v2\/categories?post=59701"},{"taxonomy":"post_tag","embeddable":true,"href":"https:\/\/mediarun.com\/pl\/wp-json\/wp\/v2\/tags?post=59701"}],"curies":[{"name":"wp","href":"https:\/\/api.w.org\/{rel}","templated":true}]}}