{"id":59570,"date":"2007-08-20T06:16:41","date_gmt":"2007-08-20T04:16:41","guid":{"rendered":"https:\/\/mediarun.com\/index.php\/news-posts\/molek-i-soltysik-promuja-ecco-walkathlon\/"},"modified":"2007-08-20T06:16:41","modified_gmt":"2007-08-20T04:16:41","slug":"molek-i-soltysik-promuja-ecco-walkathlon","status":"publish","type":"post","link":"https:\/\/mediarun.com\/pl\/marketing\/atl\/molek-i-soltysik-promuja-ecco-walkathlon.html","title":{"rendered":"Mo\u0142ek i So\u0142tysik promuj\u0105 Ecco Walkathlon"},"content":{"rendered":"<p>Jednocze\u015bnie Ecco prowadzi dzia\u0142ania w ramach reklamy zewn\u0119trzenej na terenie Warszawy. Wykorzytywane s\u0105 no\u015bniki typu airwall, autobusy oraz citylighty. Dodatkowo akcj\u0119 wspieraj\u0105 dzia\u0142ania ambientowe.<\/p>\n<p>W kampanii telewizyjnej wyst\u0119puj\u0105 Magda Mo\u0142ek oraz Andrzej So\u0142tysik. <\/p>\n<p>Akcja jest wspierana silnymi dzia\u0142aniami PR, za kt\u00f3re odpowiada agencja Aurora PR. Planowanie medi\u00f3w powierzono firmie Initiative Warszawa.<\/p>\n","protected":false},"excerpt":{"rendered":"15 sierpnia ruszy\u0142a kampania medialna Ecco Walkathon, kt\u00f3ra promuje doroczny Spacer Ludzi Dobrej Woli. Dzia\u0142ania reklamowe obejm\u0105 telewizj\u0119 (TVN, TVN Style), pras\u0119 (Gazeta Wyborcza, Wprost\/Wik), radio (Radio Zet, Radiostacja) oraz internet (onet.pl).","protected":false},"author":1,"featured_media":0,"comment_status":"open","ping_status":"closed","sticky":false,"template":"","format":"standard","meta":{"csco_display_header_overlay":false,"csco_singular_sidebar":"","csco_page_header_type":"","csco_page_load_nextpost":"","csco_post_video_location":[],"csco_post_video_location_hash":"","csco_post_video_url":"","csco_post_video_bg_start_time":0,"csco_post_video_bg_end_time":0,"footnotes":""},"categories":[9642],"tags":[],"class_list":{"0":"post-59570","1":"post","2":"type-post","3":"status-publish","4":"format-standard","6":"category-atl","7":"cs-entry","8":"cs-video-wrap"},"_links":{"self":[{"href":"https:\/\/mediarun.com\/pl\/wp-json\/wp\/v2\/posts\/59570","targetHints":{"allow":["GET"]}}],"collection":[{"href":"https:\/\/mediarun.com\/pl\/wp-json\/wp\/v2\/posts"}],"about":[{"href":"https:\/\/mediarun.com\/pl\/wp-json\/wp\/v2\/types\/post"}],"author":[{"embeddable":true,"href":"https:\/\/mediarun.com\/pl\/wp-json\/wp\/v2\/users\/1"}],"replies":[{"embeddable":true,"href":"https:\/\/mediarun.com\/pl\/wp-json\/wp\/v2\/comments?post=59570"}],"version-history":[{"count":0,"href":"https:\/\/mediarun.com\/pl\/wp-json\/wp\/v2\/posts\/59570\/revisions"}],"wp:attachment":[{"href":"https:\/\/mediarun.com\/pl\/wp-json\/wp\/v2\/media?parent=59570"}],"wp:term":[{"taxonomy":"category","embeddable":true,"href":"https:\/\/mediarun.com\/pl\/wp-json\/wp\/v2\/categories?post=59570"},{"taxonomy":"post_tag","embeddable":true,"href":"https:\/\/mediarun.com\/pl\/wp-json\/wp\/v2\/tags?post=59570"}],"curies":[{"name":"wp","href":"https:\/\/api.w.org\/{rel}","templated":true}]}}