{"id":59557,"date":"2007-08-20T14:17:29","date_gmt":"2007-08-20T12:17:29","guid":{"rendered":"https:\/\/mediarun.com\/index.php\/news-posts\/festiwal-piesn-naszych-korzeni-w-dwojce\/"},"modified":"2007-08-20T14:17:29","modified_gmt":"2007-08-20T12:17:29","slug":"festiwal-piesn-naszych-korzeni-w-dwojce","status":"publish","type":"post","link":"https:\/\/mediarun.com\/pl\/wydarzenia\/festiwal-piesn-naszych-korzeni-w-dwojce.html","title":{"rendered":"Festiwal &#8222;Pie\u015b\u0144 naszych korzeni&#8221; w Dw\u00f3jce"},"content":{"rendered":"<p>We wtorek o godz. 20.00 b\u0119dzie mo\u017cna wys\u0142ucha\u0107 koncertu z Kolegiaty Jaros\u0142awskiej (Ko\u015bcio\u0142a \u015bw. Jana). Magdalena \u0141o\u015b przedstawi &#8222;Missa Caput&#8221; Johannesa Ockeghema w wykonaniu belgijskiego zespo\u0142u Graindelavoix.<\/p>\n<p>W \u015brod\u0119 o godz. 20.00 Dw\u00f3jka b\u0119dzie transmitowa\u0107 recital Cristiana Contadiny na violi da gamba z ko\u015bcio\u0142a oo. Reformat\u00f3w (Franciszkanie). <\/p>\n<p>Z kolei w pi\u0105tek o godz. 20.00 rozg\u0142o\u015bni nadawa\u0107 b\u0119dzie koncert \u015bredniowiecznej muzyki sakralnej w wykonaniu Per-Sonat (Sabine Lutzenberger &#8211; \u015bpiew, flety proste, Norbert Rodenkirchen &#8211; flety proste). <\/p>\n","protected":false},"excerpt":{"rendered":"Radiowa Dw\u00f3jka patronuje XV Mi\u0119dzynarodowemu Festiwalowi Muzyki Dawnej &#8222;Pie\u015b\u0144 Naszych Korzeni&#8221; w Jaros\u0142awiu. Rozg\u0142o\u015bnia przygotowa\u0142a dla swoich s\u0142uchaczy transmisje wybranych koncert\u00f3w.","protected":false},"author":1,"featured_media":59558,"comment_status":"open","ping_status":"closed","sticky":false,"template":"","format":"standard","meta":{"csco_display_header_overlay":false,"csco_singular_sidebar":"","csco_page_header_type":"","csco_page_load_nextpost":"","csco_post_video_location":[],"csco_post_video_location_hash":"","csco_post_video_url":"","csco_post_video_bg_start_time":0,"csco_post_video_bg_end_time":0,"footnotes":""},"categories":[46],"tags":[],"class_list":{"0":"post-59557","1":"post","2":"type-post","3":"status-publish","4":"format-standard","5":"has-post-thumbnail","7":"category-wydarzenia","8":"cs-entry","9":"cs-video-wrap"},"_links":{"self":[{"href":"https:\/\/mediarun.com\/pl\/wp-json\/wp\/v2\/posts\/59557","targetHints":{"allow":["GET"]}}],"collection":[{"href":"https:\/\/mediarun.com\/pl\/wp-json\/wp\/v2\/posts"}],"about":[{"href":"https:\/\/mediarun.com\/pl\/wp-json\/wp\/v2\/types\/post"}],"author":[{"embeddable":true,"href":"https:\/\/mediarun.com\/pl\/wp-json\/wp\/v2\/users\/1"}],"replies":[{"embeddable":true,"href":"https:\/\/mediarun.com\/pl\/wp-json\/wp\/v2\/comments?post=59557"}],"version-history":[{"count":0,"href":"https:\/\/mediarun.com\/pl\/wp-json\/wp\/v2\/posts\/59557\/revisions"}],"wp:featuredmedia":[{"embeddable":true,"href":"https:\/\/mediarun.com\/pl\/wp-json\/wp\/v2\/media\/59558"}],"wp:attachment":[{"href":"https:\/\/mediarun.com\/pl\/wp-json\/wp\/v2\/media?parent=59557"}],"wp:term":[{"taxonomy":"category","embeddable":true,"href":"https:\/\/mediarun.com\/pl\/wp-json\/wp\/v2\/categories?post=59557"},{"taxonomy":"post_tag","embeddable":true,"href":"https:\/\/mediarun.com\/pl\/wp-json\/wp\/v2\/tags?post=59557"}],"curies":[{"name":"wp","href":"https:\/\/api.w.org\/{rel}","templated":true}]}}