{"id":59508,"date":"2007-08-21T12:15:26","date_gmt":"2007-08-21T10:15:26","guid":{"rendered":"https:\/\/mediarun.com\/index.php\/news-posts\/nowa-odslona-czworki\/"},"modified":"2007-08-21T12:15:26","modified_gmt":"2007-08-21T10:15:26","slug":"nowa-odslona-czworki","status":"publish","type":"post","link":"https:\/\/mediarun.com\/pl\/media\/tv\/nowa-odslona-czworki.html","title":{"rendered":"Nowa ods\u0142ona Czw\u00f3rki"},"content":{"rendered":"<p>We wtorek o godz. 7.00 widzowie mogli zobaczy\u0107 ju\u017c now\u0105 opraw\u0119 graficzn\u0105 Czw\u00f3rki. Zmieni\u0142 si\u0119 r\u00f3wnie\u017c logotyp, kt\u00f3ry stanowi teraz cyfr\u0119 4.<\/p>\n<p>&#8211; B\u0119dziemy stacj\u0105, kt\u00f3ra dostarcza\u0107 b\u0119dzie inny program. Chcemy stworzy\u0107 nowy brand, kt\u00f3ry b\u0119dzie oznacza\u0142 nowy rodzaj widzenia telewizji &#8211; t\u0142umaczy Piotr Fajks.<\/p>\n<p>Czw\u00f3rka zapowiada tak\u017ce kampani\u0119 reklamow\u0105, kt\u00f3ra ma promowa\u0107 zmiany w stacji oraz nowe produkcje.<\/p>\n","protected":false},"excerpt":{"rendered":"Czw\u00f3rka zmienia si\u0119 na jesie\u0144. Kana\u0142 ma ju\u017c nowy logotyp, a tak\u017ce now\u0105 opraw\u0119 graficzn\u0105. &#8211; Ten sezon b\u0119dzie dla nas prze\u0142omowy &#8211; zapowiada Piotr Fajks, prezes Czw\u00f3rki. Zmianom w stacji ma towarzyszy\u0107 kampania wizerunkowa, kt\u00f3ra rozpocznie si\u0119 ju\u017c wkr\u00f3tce.","protected":false},"author":1,"featured_media":59509,"comment_status":"open","ping_status":"closed","sticky":false,"template":"","format":"standard","meta":{"csco_display_header_overlay":false,"csco_singular_sidebar":"","csco_page_header_type":"","csco_page_load_nextpost":"","csco_post_video_location":[],"csco_post_video_location_hash":"","csco_post_video_url":"","csco_post_video_bg_start_time":0,"csco_post_video_bg_end_time":0,"footnotes":""},"categories":[9670],"tags":[],"class_list":{"0":"post-59508","1":"post","2":"type-post","3":"status-publish","4":"format-standard","5":"has-post-thumbnail","7":"category-tv","8":"cs-entry","9":"cs-video-wrap"},"_links":{"self":[{"href":"https:\/\/mediarun.com\/pl\/wp-json\/wp\/v2\/posts\/59508","targetHints":{"allow":["GET"]}}],"collection":[{"href":"https:\/\/mediarun.com\/pl\/wp-json\/wp\/v2\/posts"}],"about":[{"href":"https:\/\/mediarun.com\/pl\/wp-json\/wp\/v2\/types\/post"}],"author":[{"embeddable":true,"href":"https:\/\/mediarun.com\/pl\/wp-json\/wp\/v2\/users\/1"}],"replies":[{"embeddable":true,"href":"https:\/\/mediarun.com\/pl\/wp-json\/wp\/v2\/comments?post=59508"}],"version-history":[{"count":0,"href":"https:\/\/mediarun.com\/pl\/wp-json\/wp\/v2\/posts\/59508\/revisions"}],"wp:featuredmedia":[{"embeddable":true,"href":"https:\/\/mediarun.com\/pl\/wp-json\/wp\/v2\/media\/59509"}],"wp:attachment":[{"href":"https:\/\/mediarun.com\/pl\/wp-json\/wp\/v2\/media?parent=59508"}],"wp:term":[{"taxonomy":"category","embeddable":true,"href":"https:\/\/mediarun.com\/pl\/wp-json\/wp\/v2\/categories?post=59508"},{"taxonomy":"post_tag","embeddable":true,"href":"https:\/\/mediarun.com\/pl\/wp-json\/wp\/v2\/tags?post=59508"}],"curies":[{"name":"wp","href":"https:\/\/api.w.org\/{rel}","templated":true}]}}