{"id":59360,"date":"2007-08-24T06:00:00","date_gmt":"2007-08-24T04:00:00","guid":{"rendered":"https:\/\/mediarun.com\/index.php\/news-posts\/media-chetnie-pisaly-w-lipcu-o-branzy-pr\/"},"modified":"2007-08-24T06:00:00","modified_gmt":"2007-08-24T04:00:00","slug":"media-chetnie-pisaly-w-lipcu-o-branzy-pr","status":"publish","type":"post","link":"https:\/\/mediarun.com\/pl\/marketing\/pr\/media-chetnie-pisaly-w-lipcu-o-branzy-pr.html","title":{"rendered":"Media ch\u0119tnie pisa\u0142y w lipcu o bran\u017cy PR"},"content":{"rendered":"<p><P>pozosta\u0142e to publikacje prasowe &#8211; wynika z raportu serwisu PRoto.<\/P><br \/>\n<P>Wi\u0119kszo\u015b\u0107 z nich dotyczy\u0142a rosn\u0105cej liczby ofert pracy dla PR-owc\u00f3w. Poruszane by\u0142y r\u00f3wnie\u017c zagadnienia zwi\u0105zane z coraz lepsz\u0105 kondycj\u0105 bran\u017cy PR w Polsce, a tak\u017ce wiadomo\u015bci dotycz\u0105ce nowych podmiot\u00f3w oraz awans\u00f3w w bran\u017cy PR. <\/P><br \/>\n<P>W\u015br\u00f3d medi\u00f3w najcz\u0119\u015bciej poruszaj\u0105cych tematyk\u0119 PR-owsk\u0105 na pierwszym miejscu znalaz\u0142a si\u0119 Gazeta Wyborcza (wraz z wydaniami regionalnymi). Wi\u0119kszo\u015b\u0107 materia\u0142\u00f3w pochodzi\u0142a z medi\u00f3w informacyjnych. 75 wiadomo\u015bci zamieszczono w mediach regionalnych, pozosta\u0142e&nbsp;&#8211; w og\u00f3lnopolskich.<\/P><br \/>\n<P>W badanym okresie najcz\u0119\u015bciej cytowano Ann\u0119 Fibak z agencji Fibak PR, kt\u00f3ra wypowiada\u0142a si\u0119 na temat rynku pracy dla PR-owc\u00f3w, zarobk\u00f3w w bran\u017cy i cech osobowo\u015bci predestynuj\u0105cych do wykonywania tego zawodu. <\/P><br \/>\n<P>Ze wzgl\u0119du na eksponowany temat rozwoju bran\u017cy PR i dobrej passy dla PR-owc\u00f3w, najcz\u0119\u015bciej wzmiankowan\u0105 firm\u0105 zosta\u0142 wortal PRoto.pl, autor raportu o pracy, na kt\u00f3ry wiele medi\u00f3w si\u0119 powo\u0142ywa\u0142o. <\/P><br \/>\n<P>Lipcowy raport PRoto na temat wizerunku bran\u017cy PR w mediach zawiera tak\u017ce podsumowanie tre\u015bci publikacji. Pe\u0142na tre\u015b\u0107 raportu znajduje si\u0119 na stronie <A href=\"http:\/\/www.proto.pl\/raport_proto\">www.proto.pl\/raport_proto<\/A>.<\/P><\/p>\n","protected":false},"excerpt":{"rendered":"W lipcu br. opublikowano 146 artyku\u0142\u00f3w dotycz\u0105cych bran\u017cy public relations. 12 z nich to materia\u0142y z radia i telewizji&#8230;","protected":false},"author":1,"featured_media":59361,"comment_status":"open","ping_status":"closed","sticky":false,"template":"","format":"standard","meta":{"csco_display_header_overlay":false,"csco_singular_sidebar":"","csco_page_header_type":"","csco_page_load_nextpost":"","csco_post_video_location":[],"csco_post_video_location_hash":"","csco_post_video_url":"","csco_post_video_bg_start_time":0,"csco_post_video_bg_end_time":0,"footnotes":""},"categories":[9648],"tags":[202],"class_list":{"0":"post-59360","1":"post","2":"type-post","3":"status-publish","4":"format-standard","5":"has-post-thumbnail","7":"category-pr","8":"tag-gazeta-wyborcza","9":"cs-entry","10":"cs-video-wrap"},"_links":{"self":[{"href":"https:\/\/mediarun.com\/pl\/wp-json\/wp\/v2\/posts\/59360","targetHints":{"allow":["GET"]}}],"collection":[{"href":"https:\/\/mediarun.com\/pl\/wp-json\/wp\/v2\/posts"}],"about":[{"href":"https:\/\/mediarun.com\/pl\/wp-json\/wp\/v2\/types\/post"}],"author":[{"embeddable":true,"href":"https:\/\/mediarun.com\/pl\/wp-json\/wp\/v2\/users\/1"}],"replies":[{"embeddable":true,"href":"https:\/\/mediarun.com\/pl\/wp-json\/wp\/v2\/comments?post=59360"}],"version-history":[{"count":0,"href":"https:\/\/mediarun.com\/pl\/wp-json\/wp\/v2\/posts\/59360\/revisions"}],"wp:featuredmedia":[{"embeddable":true,"href":"https:\/\/mediarun.com\/pl\/wp-json\/wp\/v2\/media\/59361"}],"wp:attachment":[{"href":"https:\/\/mediarun.com\/pl\/wp-json\/wp\/v2\/media?parent=59360"}],"wp:term":[{"taxonomy":"category","embeddable":true,"href":"https:\/\/mediarun.com\/pl\/wp-json\/wp\/v2\/categories?post=59360"},{"taxonomy":"post_tag","embeddable":true,"href":"https:\/\/mediarun.com\/pl\/wp-json\/wp\/v2\/tags?post=59360"}],"curies":[{"name":"wp","href":"https:\/\/api.w.org\/{rel}","templated":true}]}}