{"id":59281,"date":"2007-08-27T15:07:53","date_gmt":"2007-08-27T13:07:53","guid":{"rendered":"https:\/\/mediarun.com\/index.php\/news-posts\/jutro-idziemy-do-kina-w-tvp1\/"},"modified":"2007-08-27T15:07:53","modified_gmt":"2007-08-27T13:07:53","slug":"jutro-idziemy-do-kina-w-tvp1","status":"publish","type":"post","link":"https:\/\/mediarun.com\/pl\/wydarzenia\/jutro-idziemy-do-kina-w-tvp1.html","title":{"rendered":"&#8222;Jutro idziemy do kina&#8221; w TVP1"},"content":{"rendered":"<p>&#8211; &#8222;Jutro idziemy do kina&#8221; to romantyczna opowie\u015b\u0107 o maturzystach, kt\u00f3rzy w maju 1938 roku wchodz\u0105 w doros\u0142o\u015b\u0107. Trzej przyjaciele s\u0105 przekonani, \u017ce ich \u017cycie b\u0119dzie wyj\u0105tkowe, a przyja\u017a\u0144 b\u0119dzie trwa\u0107 wiecznie. Wszyscy trzej my\u015bl\u0105 g\u0142\u00f3wnie o mi\u0142o\u015bci. Docieraj\u0105 do nich niepokoj\u0105ce wie\u015bci z Europy, jednak bardziej od sytuacji politycznej zajmuj\u0105 ich w\u0142asne perypetie sercowe. Nadchodzi wrzesie\u0144 1939 roku i wojna, kt\u00f3r\u0105 prze\u017cyj\u0105 tylko nieliczni ch\u0142opcy ze zdj\u0119cia maturalnego z 1938 roku &#8211; czytamy w materia\u0142ach prasowych TVP.<\/p>\n<p>Producentem filmu jest Telewizja Polska, a re\u017cyserem i producentem wykonawczym Micha\u0142 Kwieci\u0144ski i Akson Studio. Scenariusz do filmu napisa\u0142 Jerzy Stefan Stawi\u0144ski.<\/p>\n<p>W filmie wyst\u0119puj\u0105 m\u0142odzi aktorzy: Mateusz Dami\u0119cki,  Jakub Weso\u0142owski, Antoni Pawlicki, Anna Gzyra, Julia Pietrucha i Maria Nikli\u0144ska. Poza nimi w filmie zobaczy\u0107 b\u0119dzie mo\u017cna r\u00f3wnie\u017c m.in. Gra\u017cyna Szapo\u0142owska i Daniel Olbrychski. <\/p>\n<p>&#8222;Jutro idziemy do kina&#8221;, b\u0119dzie pierwsz\u0105 jesienn\u0105 premier\u0105 w pa\u015bmie TVP 1 &#8222;Hit na sobot\u0119&#8221; 1 wrze\u015bnia o godz. 20.20.<\/p>\n","protected":false},"excerpt":{"rendered":"Telewizyjna Jedynka 1 wrze\u015bnia, w 68. rocznic\u0119 wybuchu II wojny \u015bwiatowej, poka\u017ce film &#8222;Jutro idziemy do kina&#8221;, opowie\u015b\u0107 o wchodz\u0105cych w \u017cycie maturzystach, kt\u00f3rych plany na przysz\u0142o\u015b\u0107 niweczy wybuch wojny. W rolach g\u0142\u00f3wnych widzowie zobacz\u0105 m.in. Mateusza Dami\u0119ckiego i Jakuba Weso\u0142owskiego.","protected":false},"author":1,"featured_media":59282,"comment_status":"open","ping_status":"closed","sticky":false,"template":"","format":"standard","meta":{"csco_display_header_overlay":false,"csco_singular_sidebar":"","csco_page_header_type":"","csco_page_load_nextpost":"","csco_post_video_location":[],"csco_post_video_location_hash":"","csco_post_video_url":"","csco_post_video_bg_start_time":0,"csco_post_video_bg_end_time":0,"footnotes":""},"categories":[46],"tags":[],"class_list":{"0":"post-59281","1":"post","2":"type-post","3":"status-publish","4":"format-standard","5":"has-post-thumbnail","7":"category-wydarzenia","8":"cs-entry","9":"cs-video-wrap"},"_links":{"self":[{"href":"https:\/\/mediarun.com\/pl\/wp-json\/wp\/v2\/posts\/59281","targetHints":{"allow":["GET"]}}],"collection":[{"href":"https:\/\/mediarun.com\/pl\/wp-json\/wp\/v2\/posts"}],"about":[{"href":"https:\/\/mediarun.com\/pl\/wp-json\/wp\/v2\/types\/post"}],"author":[{"embeddable":true,"href":"https:\/\/mediarun.com\/pl\/wp-json\/wp\/v2\/users\/1"}],"replies":[{"embeddable":true,"href":"https:\/\/mediarun.com\/pl\/wp-json\/wp\/v2\/comments?post=59281"}],"version-history":[{"count":0,"href":"https:\/\/mediarun.com\/pl\/wp-json\/wp\/v2\/posts\/59281\/revisions"}],"wp:featuredmedia":[{"embeddable":true,"href":"https:\/\/mediarun.com\/pl\/wp-json\/wp\/v2\/media\/59282"}],"wp:attachment":[{"href":"https:\/\/mediarun.com\/pl\/wp-json\/wp\/v2\/media?parent=59281"}],"wp:term":[{"taxonomy":"category","embeddable":true,"href":"https:\/\/mediarun.com\/pl\/wp-json\/wp\/v2\/categories?post=59281"},{"taxonomy":"post_tag","embeddable":true,"href":"https:\/\/mediarun.com\/pl\/wp-json\/wp\/v2\/tags?post=59281"}],"curies":[{"name":"wp","href":"https:\/\/api.w.org\/{rel}","templated":true}]}}