{"id":59279,"date":"2007-08-27T15:19:22","date_gmt":"2007-08-27T13:19:22","guid":{"rendered":"https:\/\/mediarun.com\/index.php\/news-posts\/9-wrzesnia-dzien-otwarty-tvp\/"},"modified":"2007-08-27T15:19:22","modified_gmt":"2007-08-27T13:19:22","slug":"9-wrzesnia-dzien-otwarty-tvp","status":"publish","type":"post","link":"https:\/\/mediarun.com\/pl\/media\/tv\/9-wrzesnia-dzien-otwarty-tvp.html","title":{"rendered":"9 wrze\u015bnia Dzie\u0144 Otwarty TVP"},"content":{"rendered":"<p>Widzowie, jak co roku, b\u0119d\u0105 mogli zwiedza\u0107 telewizyjne studia i filmowe hale produkcyjne. Poza tym spotkaj\u0105 si\u0119 ze znanymi z ekranu twarzami i tw\u00f3rcami program\u00f3w telewizyjnych TVP.<\/p>\n<p>W Warszawie dodatkow\u0105 atrakcj\u0105 b\u0119dzie wielki, familijny festyn przed siedzib\u0105 TVP. Stanie tam m.in. scena, na kt\u00f3rej wyst\u0119powa\u0107 b\u0119d\u0105 autorzy i bohaterowie program\u00f3w dzieci\u0119cych, rozrywkowych, kulturalnych i jesiennych nowo\u015bci publicznej telewizji.<\/p>\n<p>Zabawa na festynie i zwiedzanie siedziby TVP przy ul. Woronicza rozpocznie si\u0119 od godz. 10.00. Od 9.30 wydawane b\u0119d\u0105 karty upowa\u017cniaj\u0105ce do wej\u015bcia na Dzie\u0144 Otwarty. Festyn na Woronicza potrwa do godz. 20.00.<\/p>\n","protected":false},"excerpt":{"rendered":"9 wrze\u015bnia Telewizja Polska ju\u017c po raz kolejny organizuje Dzie\u0144 Otwarty. Jak zapowiada publiczna telewizja, tego dnia siedziba TVP przy ulicy Woronicza w Warszawie oraz drzwi 15 oddzia\u0142\u00f3w terenowych w ca\u0142ej Polsce zostan\u0105 &#8222;szeroko otwarte dla widz\u00f3w&#8221;.","protected":false},"author":1,"featured_media":59280,"comment_status":"open","ping_status":"closed","sticky":false,"template":"","format":"standard","meta":{"csco_display_header_overlay":false,"csco_singular_sidebar":"","csco_page_header_type":"","csco_page_load_nextpost":"","csco_post_video_location":[],"csco_post_video_location_hash":"","csco_post_video_url":"","csco_post_video_bg_start_time":0,"csco_post_video_bg_end_time":0,"footnotes":""},"categories":[9670],"tags":[],"class_list":{"0":"post-59279","1":"post","2":"type-post","3":"status-publish","4":"format-standard","5":"has-post-thumbnail","7":"category-tv","8":"cs-entry","9":"cs-video-wrap"},"_links":{"self":[{"href":"https:\/\/mediarun.com\/pl\/wp-json\/wp\/v2\/posts\/59279","targetHints":{"allow":["GET"]}}],"collection":[{"href":"https:\/\/mediarun.com\/pl\/wp-json\/wp\/v2\/posts"}],"about":[{"href":"https:\/\/mediarun.com\/pl\/wp-json\/wp\/v2\/types\/post"}],"author":[{"embeddable":true,"href":"https:\/\/mediarun.com\/pl\/wp-json\/wp\/v2\/users\/1"}],"replies":[{"embeddable":true,"href":"https:\/\/mediarun.com\/pl\/wp-json\/wp\/v2\/comments?post=59279"}],"version-history":[{"count":0,"href":"https:\/\/mediarun.com\/pl\/wp-json\/wp\/v2\/posts\/59279\/revisions"}],"wp:featuredmedia":[{"embeddable":true,"href":"https:\/\/mediarun.com\/pl\/wp-json\/wp\/v2\/media\/59280"}],"wp:attachment":[{"href":"https:\/\/mediarun.com\/pl\/wp-json\/wp\/v2\/media?parent=59279"}],"wp:term":[{"taxonomy":"category","embeddable":true,"href":"https:\/\/mediarun.com\/pl\/wp-json\/wp\/v2\/categories?post=59279"},{"taxonomy":"post_tag","embeddable":true,"href":"https:\/\/mediarun.com\/pl\/wp-json\/wp\/v2\/tags?post=59279"}],"curies":[{"name":"wp","href":"https:\/\/api.w.org\/{rel}","templated":true}]}}