{"id":58797,"date":"2007-09-07T06:00:00","date_gmt":"2007-09-07T04:00:00","guid":{"rendered":"https:\/\/mediarun.com\/index.php\/news-posts\/boom-na-salony-i-komputery\/"},"modified":"2007-09-07T06:00:00","modified_gmt":"2007-09-07T04:00:00","slug":"boom-na-salony-i-komputery","status":"publish","type":"post","link":"https:\/\/mediarun.com\/pl\/wydarzenia\/boom-na-salony-i-komputery.html","title":{"rendered":"Boom na salony i komputery"},"content":{"rendered":"<p>Nawet 3 miliony komputer&oacute;w mo\u017ce w tym roku zosta\u0107 sprzedanych na polskim rynku. &#8211; Ro\u015bnie szczeg&oacute;lnie sprzeda\u017c komputer&oacute;w przeno\u015bnych, kt&oacute;ra w ubieg\u0142ym kwartale niemal si\u0119 podwoi\u0142a. Wielu producent&oacute;w zanotowa\u0142o dwu-, a nawet trzykrotny wzrost sprzeda\u017cy &#8211; powiedzia\u0142 nam Jaros\u0142aw Smulski, analityk polskiego oddzia\u0142u firmy badawczej IDC. Z bada\u0144 firmy wynika, \u017ce w pierwszym p&oacute;\u0142roczu do odbiorc&oacute;w trafi\u0142o 1,3 mln komputer&oacute;w, z czego 540 tys. to notebooki.<\/p>\n<p>Wi\u0119cej na <a href=\"http:\/\/http:\/\/www.rzeczpospolita.pl\/\">http:\/\/www.rzeczpospolita.pl\/<\/a><\/p>\n","protected":false},"excerpt":{"rendered":"Polacy kupuj\u0105 coraz wi\u0119cej komputer&oacute;w. Ich sprzeda\u017c mo\u017ce w tym roku skoczy\u0107 nawet o jedn\u0105 trzeci\u0105. Aby nad\u0105\u017cy\u0107 za rosn\u0105cym popytem, producenci sprz\u0119tu intensywnie rozbudowuj\u0105 sie\u0107 salon&oacute;w","protected":false},"author":1,"featured_media":0,"comment_status":"open","ping_status":"closed","sticky":false,"template":"","format":"standard","meta":{"csco_display_header_overlay":false,"csco_singular_sidebar":"","csco_page_header_type":"","csco_page_load_nextpost":"","csco_post_video_location":[],"csco_post_video_location_hash":"","csco_post_video_url":"","csco_post_video_bg_start_time":0,"csco_post_video_bg_end_time":0,"footnotes":""},"categories":[46],"tags":[196],"class_list":{"0":"post-58797","1":"post","2":"type-post","3":"status-publish","4":"format-standard","6":"category-wydarzenia","7":"tag-apple","8":"cs-entry","9":"cs-video-wrap"},"_links":{"self":[{"href":"https:\/\/mediarun.com\/pl\/wp-json\/wp\/v2\/posts\/58797","targetHints":{"allow":["GET"]}}],"collection":[{"href":"https:\/\/mediarun.com\/pl\/wp-json\/wp\/v2\/posts"}],"about":[{"href":"https:\/\/mediarun.com\/pl\/wp-json\/wp\/v2\/types\/post"}],"author":[{"embeddable":true,"href":"https:\/\/mediarun.com\/pl\/wp-json\/wp\/v2\/users\/1"}],"replies":[{"embeddable":true,"href":"https:\/\/mediarun.com\/pl\/wp-json\/wp\/v2\/comments?post=58797"}],"version-history":[{"count":0,"href":"https:\/\/mediarun.com\/pl\/wp-json\/wp\/v2\/posts\/58797\/revisions"}],"wp:attachment":[{"href":"https:\/\/mediarun.com\/pl\/wp-json\/wp\/v2\/media?parent=58797"}],"wp:term":[{"taxonomy":"category","embeddable":true,"href":"https:\/\/mediarun.com\/pl\/wp-json\/wp\/v2\/categories?post=58797"},{"taxonomy":"post_tag","embeddable":true,"href":"https:\/\/mediarun.com\/pl\/wp-json\/wp\/v2\/tags?post=58797"}],"curies":[{"name":"wp","href":"https:\/\/api.w.org\/{rel}","templated":true}]}}