{"id":58749,"date":"2007-09-10T06:00:00","date_gmt":"2007-09-10T04:00:00","guid":{"rendered":"https:\/\/mediarun.com\/index.php\/news-posts\/magistrowie-z-pr-u-i-reklamy\/"},"modified":"2007-09-10T06:00:00","modified_gmt":"2007-09-10T04:00:00","slug":"magistrowie-z-pr-u-i-reklamy","status":"publish","type":"post","link":"https:\/\/mediarun.com\/pl\/wydarzenia\/magistrowie-z-pr-u-i-reklamy.html","title":{"rendered":"Magistrowie z PR-u i reklamy!"},"content":{"rendered":"<p>Ta jedyna w Polsce, wyspecjalizowana w bran\u017cy promocyjnej, uczelnia o statusie akademickim dzia\u0142a od 2001 roku. Od dw&oacute;ch lat, opr&oacute;cz 3-letnich studi&oacute;w pierwszego stopnia (licencjackich), prowadzi tak\u017ce 2-letnie studia drugiego stopnia (magisterskie) w dw&oacute;ch specjalno\u015bciach:&nbsp;Public Relations&nbsp;i reklama. <\/p>\n<p>Studia magisterskie mog\u0105 podejmowa\u0107 absolwenci dowolnych kierunk&oacute;w studi&oacute;w, kt&oacute;rzy d\u0105\u017c\u0105 do przeprofilowania swojego wykszta\u0142cenia, uzyskania teoretycznych podstaw dla wykonywanej ju\u017c pracy w przemy\u015ble promocyjnym a tak\u017ce dalszego rozwoju specjalistycznej wiedzy i kwalifikacji. <\/p>\n<p>Rekrutacja na kolejn\u0105 edycj\u0119 studi&oacute;w trwa. Wi\u0119cej informacji na <a href=\"http:\/\/www.wsp.pl\" target=\"_blank\" rel=\"noopener\">www.wsp.pl<\/a>.<\/p>\n","protected":false},"excerpt":{"rendered":"Zako\u0144czy\u0142 si\u0119 pierwszy cykl kszta\u0142cenia magistr&oacute;w w Wy\u017cszej Szkole Promocji w Warszawie.","protected":false},"author":1,"featured_media":58750,"comment_status":"open","ping_status":"closed","sticky":false,"template":"","format":"standard","meta":{"csco_display_header_overlay":false,"csco_singular_sidebar":"","csco_page_header_type":"","csco_page_load_nextpost":"","csco_post_video_location":[],"csco_post_video_location_hash":"","csco_post_video_url":"","csco_post_video_bg_start_time":0,"csco_post_video_bg_end_time":0,"footnotes":""},"categories":[46],"tags":[],"class_list":{"0":"post-58749","1":"post","2":"type-post","3":"status-publish","4":"format-standard","5":"has-post-thumbnail","7":"category-wydarzenia","8":"cs-entry","9":"cs-video-wrap"},"_links":{"self":[{"href":"https:\/\/mediarun.com\/pl\/wp-json\/wp\/v2\/posts\/58749","targetHints":{"allow":["GET"]}}],"collection":[{"href":"https:\/\/mediarun.com\/pl\/wp-json\/wp\/v2\/posts"}],"about":[{"href":"https:\/\/mediarun.com\/pl\/wp-json\/wp\/v2\/types\/post"}],"author":[{"embeddable":true,"href":"https:\/\/mediarun.com\/pl\/wp-json\/wp\/v2\/users\/1"}],"replies":[{"embeddable":true,"href":"https:\/\/mediarun.com\/pl\/wp-json\/wp\/v2\/comments?post=58749"}],"version-history":[{"count":0,"href":"https:\/\/mediarun.com\/pl\/wp-json\/wp\/v2\/posts\/58749\/revisions"}],"wp:featuredmedia":[{"embeddable":true,"href":"https:\/\/mediarun.com\/pl\/wp-json\/wp\/v2\/media\/58750"}],"wp:attachment":[{"href":"https:\/\/mediarun.com\/pl\/wp-json\/wp\/v2\/media?parent=58749"}],"wp:term":[{"taxonomy":"category","embeddable":true,"href":"https:\/\/mediarun.com\/pl\/wp-json\/wp\/v2\/categories?post=58749"},{"taxonomy":"post_tag","embeddable":true,"href":"https:\/\/mediarun.com\/pl\/wp-json\/wp\/v2\/tags?post=58749"}],"curies":[{"name":"wp","href":"https:\/\/api.w.org\/{rel}","templated":true}]}}