{"id":57927,"date":"2007-10-04T06:00:00","date_gmt":"2007-10-04T04:00:00","guid":{"rendered":"https:\/\/mediarun.com\/index.php\/news-posts\/tvp1-forum-znika-z-anteny-2\/"},"modified":"2007-10-04T06:00:00","modified_gmt":"2007-10-04T04:00:00","slug":"tvp1-forum-znika-z-anteny-2","status":"publish","type":"post","link":"https:\/\/mediarun.com\/pl\/media\/tv\/tvp1-forum-znika-z-anteny-2.html","title":{"rendered":"TVP1: &quot;Forum&quot; znika z anteny"},"content":{"rendered":"<p><P>Aneta Wrona, rzecznik TVP, przypomina, \u017ce &#8222;Forum&#8221; w tradycyjnej formule przestawa\u0142o si\u0119 ukazywa\u0107 podczas wszystkich dotychczasowych kampanii wyborczych do sejmu i senatu.&nbsp;&#8211; Szefowa Jedynki Ma\u0142gorzata Raczy\u0144ska postanowi\u0142a, \u017ce zamiast &#8222;Forum&#8221; b\u0119d\u0105 si\u0119 ukazywa\u0107 debaty &#8222;Polska wybiera 2007&#8221;&nbsp;&#8211; t\u0142umaczy nam. <\/P><br \/>\n<P>&#8211;&nbsp;Decyzja dyrektor Jedynki zapad\u0142a na d\u0142ugo przed incydentem zwi\u0105zanym z emisj\u0105 &#8222;Forum&#8221; w dniu 1 pa\u017adziernika&nbsp;&#8211; zaznacza Aneta Wrona. <\/P><br \/>\n<P>W poniedzia\u0142ek jednym z go\u015bci &#8222;Forum&#8221; mia\u0142 by\u0107 Roman Giertych, kt\u00f3ry odwo\u0142a\u0142 sw\u00f3j udzia\u0142 i zapowiedzia\u0142, \u017ce zast\u0105pi go w programie Marian Pi\u0142ka. Jednak zamiast Pi\u0142ki w przed studiem TVP pojawi\u0142 si\u0119 Janusz Korwin &#8211; Mikke.<\/P><\/p>\n","protected":false},"excerpt":{"rendered":"Do czasu wybor\u00f3w parlamentarnych telewizyjna Jedynka nie b\u0119dzie emitowa\u0107 programu publicystycznego &quot;Forum&quot;.","protected":false},"author":1,"featured_media":0,"comment_status":"open","ping_status":"closed","sticky":false,"template":"","format":"standard","meta":{"csco_display_header_overlay":false,"csco_singular_sidebar":"","csco_page_header_type":"","csco_page_load_nextpost":"","csco_post_video_location":[],"csco_post_video_location_hash":"","csco_post_video_url":"","csco_post_video_bg_start_time":0,"csco_post_video_bg_end_time":0,"footnotes":""},"categories":[9670],"tags":[],"class_list":{"0":"post-57927","1":"post","2":"type-post","3":"status-publish","4":"format-standard","6":"category-tv","7":"cs-entry","8":"cs-video-wrap"},"_links":{"self":[{"href":"https:\/\/mediarun.com\/pl\/wp-json\/wp\/v2\/posts\/57927","targetHints":{"allow":["GET"]}}],"collection":[{"href":"https:\/\/mediarun.com\/pl\/wp-json\/wp\/v2\/posts"}],"about":[{"href":"https:\/\/mediarun.com\/pl\/wp-json\/wp\/v2\/types\/post"}],"author":[{"embeddable":true,"href":"https:\/\/mediarun.com\/pl\/wp-json\/wp\/v2\/users\/1"}],"replies":[{"embeddable":true,"href":"https:\/\/mediarun.com\/pl\/wp-json\/wp\/v2\/comments?post=57927"}],"version-history":[{"count":0,"href":"https:\/\/mediarun.com\/pl\/wp-json\/wp\/v2\/posts\/57927\/revisions"}],"wp:attachment":[{"href":"https:\/\/mediarun.com\/pl\/wp-json\/wp\/v2\/media?parent=57927"}],"wp:term":[{"taxonomy":"category","embeddable":true,"href":"https:\/\/mediarun.com\/pl\/wp-json\/wp\/v2\/categories?post=57927"},{"taxonomy":"post_tag","embeddable":true,"href":"https:\/\/mediarun.com\/pl\/wp-json\/wp\/v2\/tags?post=57927"}],"curies":[{"name":"wp","href":"https:\/\/api.w.org\/{rel}","templated":true}]}}