{"id":57909,"date":"2007-10-05T06:00:00","date_gmt":"2007-10-05T04:00:00","guid":{"rendered":"https:\/\/mediarun.com\/index.php\/news-posts\/tv-biznes-w-upc-3\/"},"modified":"2007-10-05T06:00:00","modified_gmt":"2007-10-05T04:00:00","slug":"tv-biznes-w-upc-3","status":"publish","type":"post","link":"https:\/\/mediarun.com\/pl\/media\/tv\/tv-biznes-w-upc-3.html","title":{"rendered":"TV Biznes w UPC?"},"content":{"rendered":"<p><P>O tym, \u017ce TV Biznes prowadzi negocjacje z UPC Polska w sprawie w\u0142\u0105czenia kana\u0142u do oferty sieci poinformowa\u0142 na \u0142amach prasy Piotr Bare\u0142kowski. Zapytany przez nas, kiedy TV Biznes znajdzie si\u0119 w&nbsp;UPC Polska odpowiada, \u017ce jest to &#8222;kwestia dni&#8221;.<\/P><br \/>\n<P>&#8211;&nbsp;Prowadzimy rozmowy z TV Biznes tak, jak z wieloma innymi nadawcami na rynku. O szczeg\u00f3\u0142ach b\u0119dziemy informowa\u0107 klient\u00f3w i media na bie\u017c\u0105co&nbsp;&#8211; m\u00f3wi nam Marzena Polak, senior PR specialist w UPC Polska.<\/P><\/p>\n","protected":false},"excerpt":{"rendered":"W najbli\u017cszych dniach kana\u0142 TV Biznes ma znale\u017a\u0107 si\u0119 w ofercie programowej sieci kablowej UPC Polska &#8211; zapowiada Piotr Bare\u0142kowski, wiceprezes stacji.","protected":false},"author":1,"featured_media":0,"comment_status":"open","ping_status":"closed","sticky":false,"template":"","format":"standard","meta":{"csco_display_header_overlay":false,"csco_singular_sidebar":"","csco_page_header_type":"","csco_page_load_nextpost":"","csco_post_video_location":[],"csco_post_video_location_hash":"","csco_post_video_url":"","csco_post_video_bg_start_time":0,"csco_post_video_bg_end_time":0,"footnotes":""},"categories":[9670],"tags":[],"class_list":{"0":"post-57909","1":"post","2":"type-post","3":"status-publish","4":"format-standard","6":"category-tv","7":"cs-entry","8":"cs-video-wrap"},"_links":{"self":[{"href":"https:\/\/mediarun.com\/pl\/wp-json\/wp\/v2\/posts\/57909","targetHints":{"allow":["GET"]}}],"collection":[{"href":"https:\/\/mediarun.com\/pl\/wp-json\/wp\/v2\/posts"}],"about":[{"href":"https:\/\/mediarun.com\/pl\/wp-json\/wp\/v2\/types\/post"}],"author":[{"embeddable":true,"href":"https:\/\/mediarun.com\/pl\/wp-json\/wp\/v2\/users\/1"}],"replies":[{"embeddable":true,"href":"https:\/\/mediarun.com\/pl\/wp-json\/wp\/v2\/comments?post=57909"}],"version-history":[{"count":0,"href":"https:\/\/mediarun.com\/pl\/wp-json\/wp\/v2\/posts\/57909\/revisions"}],"wp:attachment":[{"href":"https:\/\/mediarun.com\/pl\/wp-json\/wp\/v2\/media?parent=57909"}],"wp:term":[{"taxonomy":"category","embeddable":true,"href":"https:\/\/mediarun.com\/pl\/wp-json\/wp\/v2\/categories?post=57909"},{"taxonomy":"post_tag","embeddable":true,"href":"https:\/\/mediarun.com\/pl\/wp-json\/wp\/v2\/tags?post=57909"}],"curies":[{"name":"wp","href":"https:\/\/api.w.org\/{rel}","templated":true}]}}