{"id":57829,"date":"2007-10-08T06:00:00","date_gmt":"2007-10-08T04:00:00","guid":{"rendered":"https:\/\/mediarun.com\/index.php\/news-posts\/media-publiczne-przed-wyborami\/"},"modified":"2007-10-08T06:00:00","modified_gmt":"2007-10-08T04:00:00","slug":"media-publiczne-przed-wyborami","status":"publish","type":"post","link":"https:\/\/mediarun.com\/pl\/media\/tv\/media-publiczne-przed-wyborami.html","title":{"rendered":"Media publiczne przed wyborami"},"content":{"rendered":"<p><P>Od poniedzia\u0142ku w TVP Info w dni powszednie b\u0119d\u0105 pojawia\u0107 si\u0119 dwie pozycje zwi\u0105zane ze zbli\u017caj\u0105cymi si\u0119 wyborami. O godz. 17.15 widzowie b\u0119d\u0105 mogli ogl\u0105da\u0107 program &#8222;Jeden na jednego&#8221;, w kt\u00f3rym go\u015b\u0107mi b\u0119d\u0105 politycy. Z kolei o godz. 20.00 nadawane b\u0119d\u0105 debaty. Wyborom po\u015bwi\u0119cony b\u0119dzie tak\u017ce niedzielny talk&nbsp;&#8211; show &#8222;M\u0142odzie\u017c kontra&#8221;.<\/P><br \/>\n<P>Debaty zostan\u0105 pokazane r\u00f3wnie\u017c w TVP1 (8 pa\u017adziernika, 15 pa\u017adziernika, 16 pa\u017adziernika i 19 pa\u017adziernika). W najbli\u017cszy wtorek i \u015brod\u0119 oraz w przysz\u0142\u0105 \u015brod\u0119 emitowany b\u0119dzie program Kuby Strzyczkowskiego &#8222;Autografy&#8221;.<\/P><br \/>\n<P>W TVP2 ogl\u0105da\u0107 b\u0119dzie mo\u017cna program Jana Pospieszalskiego &#8222;Warto rozmawia\u0107&#8221; (poniedzia\u0142ek, godz. 22.50).<\/P><br \/>\n<P>W radiowej Jedynce o godz. 7.45 emitowane b\u0119d\u0105 wywiady z politykiem startuj\u0105cym w wyborach. W pa\u015bmie &#8222;Rozmowy Jedynki&#8221;&nbsp; (12.45&nbsp;&#8211; 14.00) s\u0142ucha\u0107 b\u0119dzie mo\u017cna rozm\u00f3w ze s\u0142uchaczami, konfrontacji pomi\u0119dzy politykami, a tak\u017ce komentarzy ekspert\u00f3w.<\/P><br \/>\n<P>Radiowa Tr\u00f3jka od 1 do 19 pa\u017adziernika w dni powszednie mi\u0119dzy godz. 12.00 a 13.00 nadaje &#8222;Studio przedwyborcze&#8221;. W pierwszych dw\u00f3ch tygodniach pojawiaj\u0105 si\u0119 audycje tematyczne, w kt\u00f3rych goszcz\u0105 eksperci. Od 15 do 19 pa\u017adziernika program emitowany b\u0119dzie w studiu im. A. Osieckiej z udzia\u0142em przedstawicieli komitet\u00f3w wyborczych.<\/P><br \/>\n<P>Wyborom i przebiegowi kampanii po\u015bwi\u0119cone s\u0105 w wi\u0119kszo\u015bci: &#8222;Salon polityczny Tr\u00f3jki&#8221; (pn-pt godz. 8.13), &#8222;Puls Tr\u00f3jki&#8221; (pn-pt godz. 17.45) i &#8222;\u015aniadanie w Tr\u00f3jce&#8221; (sobota 9.00 &#8211; 11.00).<\/P><\/p>\n","protected":false},"excerpt":{"rendered":"Media publiczne, w zwi\u0105zku ze zbli\u017caj\u0105cymi si\u0119 wyborami, przygotowa\u0142y m.in. specjalne audycje, kt\u00f3rych go\u015b\u0107mi b\u0119d\u0105 politycy.","protected":false},"author":1,"featured_media":57830,"comment_status":"open","ping_status":"closed","sticky":false,"template":"","format":"standard","meta":{"csco_display_header_overlay":false,"csco_singular_sidebar":"","csco_page_header_type":"","csco_page_load_nextpost":"","csco_post_video_location":[],"csco_post_video_location_hash":"","csco_post_video_url":"","csco_post_video_bg_start_time":0,"csco_post_video_bg_end_time":0,"footnotes":""},"categories":[9670],"tags":[],"class_list":{"0":"post-57829","1":"post","2":"type-post","3":"status-publish","4":"format-standard","5":"has-post-thumbnail","7":"category-tv","8":"cs-entry","9":"cs-video-wrap"},"_links":{"self":[{"href":"https:\/\/mediarun.com\/pl\/wp-json\/wp\/v2\/posts\/57829","targetHints":{"allow":["GET"]}}],"collection":[{"href":"https:\/\/mediarun.com\/pl\/wp-json\/wp\/v2\/posts"}],"about":[{"href":"https:\/\/mediarun.com\/pl\/wp-json\/wp\/v2\/types\/post"}],"author":[{"embeddable":true,"href":"https:\/\/mediarun.com\/pl\/wp-json\/wp\/v2\/users\/1"}],"replies":[{"embeddable":true,"href":"https:\/\/mediarun.com\/pl\/wp-json\/wp\/v2\/comments?post=57829"}],"version-history":[{"count":0,"href":"https:\/\/mediarun.com\/pl\/wp-json\/wp\/v2\/posts\/57829\/revisions"}],"wp:featuredmedia":[{"embeddable":true,"href":"https:\/\/mediarun.com\/pl\/wp-json\/wp\/v2\/media\/57830"}],"wp:attachment":[{"href":"https:\/\/mediarun.com\/pl\/wp-json\/wp\/v2\/media?parent=57829"}],"wp:term":[{"taxonomy":"category","embeddable":true,"href":"https:\/\/mediarun.com\/pl\/wp-json\/wp\/v2\/categories?post=57829"},{"taxonomy":"post_tag","embeddable":true,"href":"https:\/\/mediarun.com\/pl\/wp-json\/wp\/v2\/tags?post=57829"}],"curies":[{"name":"wp","href":"https:\/\/api.w.org\/{rel}","templated":true}]}}