{"id":57827,"date":"2007-10-08T06:00:00","date_gmt":"2007-10-08T04:00:00","guid":{"rendered":"https:\/\/mediarun.com\/index.php\/news-posts\/otv-pelna-energii-telewizja-owsiaka\/"},"modified":"2007-10-08T06:00:00","modified_gmt":"2007-10-08T04:00:00","slug":"otv-pelna-energii-telewizja-owsiaka","status":"publish","type":"post","link":"https:\/\/mediarun.com\/pl\/media\/tv\/otv-pelna-energii-telewizja-owsiaka.html","title":{"rendered":"OTV &#8211; pe\u0142na energii telewizja Owsiaka"},"content":{"rendered":"<p><P>w pakiecie &#8222;Style, moda, muzyka&#8221;. Producent wci\u0105\u017c czeka na koncesj\u0119 KRRiT.<\/P><br \/>\n<P>OTV to pierwsza autorska telewizja w Polsce. Startuje w dzie\u0144 urodzin Jurka Owsiaka. Kana\u0142 b\u0119dzie taki, jak jej tw\u00f3rca &#8211; emocjonuj\u0105cy i pe\u0142en pozytywnej energii. <\/P><br \/>\n<P>Po pi\u0119tnastu latach wsp\u00f3\u0142pracy z TVP i wieloletnim gromadzeniu materia\u0142\u00f3w z Woodstoku i Jarocina orgaznizatorowi&nbsp; Wielkiej Orkiestry \u015awi\u0105tecznej Pomocy uda\u0142o si\u0119 za\u0142o\u017cy\u0107 w\u0142asn\u0105 telewizj\u0119, dzi\u0119ki kt\u00f3rej b\u0119dzie mia\u0142 du\u017co czasu na sw\u00f3j przekaz. Nazywa j\u0105 telewizj\u0105 z najwy\u017cszej p\u00f3\u0142ki, nie tylko z racji jako\u015bci cyfrowej, ale te\u017c ze wzgl\u0119du na bardzo g\u0142\u0119bok\u0105 i lojaln\u0105 widowni\u0119. <\/P><br \/>\n<P>B\u0119dzie to telewizja edukacyjna. Owsiak podkre\u015bla, \u017ce chcia\u0142by, aby jego OTV ogl\u0105dali tak\u017ce nauczyciele &#8211; b\u0119d\u0105 mogli dowiedzie\u0107 si\u0119 wiele m.in. na temat udzielania pierwszej pomocy (w programie RUR). Telewidz\u00f3w czekaj\u0105 te\u017c inne ciekawe programy &#8211; z szesnastu premierowych, prezentowanych przez ca\u0142y tydzie\u0144 o r\u00f3\u017cnych porach dnia, a\u017c sze\u015b\u0107 b\u0119dzie po\u015bwi\u0119conych muzyce (m.in. &#8222;Pol&#8217;and&#8217;rock&#8221;, &#8222;Z\u0142oty B\u0105czek&#8221;, &#8222;Muza&#8221;, czyli teledyski z festiwalu YachFilm). Program &#8222;Ekstremalnie i sportowo&#8221; adresowany jest do ludzi kochaj\u0105cych ryzyko, a &#8222;Off-road&#8221; po\u015bwi\u0119cony jest rajdom samochodowym.<\/P><br \/>\n<P>&#8211; Wreszcie mog\u0119 pokaza\u0107 moje podr\u00f3\u017ce! &#8211; nie ukrywa zachwytu tw\u00f3rca OTV i zapowiada, \u017ce dzi\u0119ki &#8222;Podr\u00f3\u017com Jurka Owsiaka&#8221; widzowie b\u0119d\u0105 mogli oczami globtroter\u00f3w zobaczy\u0107 wszystkie kontynenty.<BR>Czeka ich tak\u017ce &#8222;telewizyjny indeks&#8221; na nietypowe studia &#8211; Uniwersytet Wielkiej Orkiestry \u015awi\u0105tecznej Pomocy (program &#8222;Pokojowo na patrolu&#8221;).<\/P><br \/>\n<P>Telewizja OTV b\u0119dzie wspiera\u0107 ludzi chorych na cukrzyc\u0119, m.in. obalaj\u0105c stereotypy zwi\u0105zane z t\u0105 chorob\u0105.<BR>&#8211; Dziecko z glukometrem nie mo\u017ce by\u0107 dyskryminowane. Nasza telewizja b\u0119dzie o tym m\u00f3wi\u0142a. Je\u015bli to dotrze do ludzi &#8211; hurra! &#8211; m\u00f3wi Owsiak. &#8211; Kana\u0142 OTV jest szans\u0105 spe\u0142nienia spo\u0142ecznej misji, jak\u0105 winna nie\u015b\u0107 telewizja. Wraz ze swoimi wsp\u00f3\u0142pracownikami nie chc\u0119 tej szansy zmarnowa\u0107, poniewa\u017c czuj\u0119, jak ogromny potencja\u0142 tkwi w naszych wsp\u00f3lnych dzia\u0142aniach i do\u015bwiadczeniach.<\/P><br \/>\n<P>OTV skierowany jest g\u0142\u00f3wnie do ludzi w wieku 16-22 lata. Program ma by\u0107 nadawany przez min. 15 godzin na dob\u0119. Do ogl\u0105dania tej telewizji zach\u0119caj\u0105 m.in. Stanis\u0142aw Soyka, abp. J\u00f3zef \u017byci\u0144ski, Dorota Mas\u0142owska, Tomasz Lis, Anna Dymna, Tomasz Sekielski i profesor Jerzy Bralczyk.<\/P><\/p>\n","protected":false},"excerpt":{"rendered":"W sobot\u0119 6 pa\u017adzienika o godz. 10  telewizja Jurka Owsiaka &#8211; OTV ruszy\u0142a z testow\u0105 emisj\u0105. Kana\u0142 jest dost\u0119pny na platformie cyfrowej N&#8230;","protected":false},"author":1,"featured_media":57828,"comment_status":"open","ping_status":"closed","sticky":false,"template":"","format":"standard","meta":{"csco_display_header_overlay":false,"csco_singular_sidebar":"","csco_page_header_type":"","csco_page_load_nextpost":"","csco_post_video_location":[],"csco_post_video_location_hash":"","csco_post_video_url":"","csco_post_video_bg_start_time":0,"csco_post_video_bg_end_time":0,"footnotes":""},"categories":[9670],"tags":[],"class_list":{"0":"post-57827","1":"post","2":"type-post","3":"status-publish","4":"format-standard","5":"has-post-thumbnail","7":"category-tv","8":"cs-entry","9":"cs-video-wrap"},"_links":{"self":[{"href":"https:\/\/mediarun.com\/pl\/wp-json\/wp\/v2\/posts\/57827","targetHints":{"allow":["GET"]}}],"collection":[{"href":"https:\/\/mediarun.com\/pl\/wp-json\/wp\/v2\/posts"}],"about":[{"href":"https:\/\/mediarun.com\/pl\/wp-json\/wp\/v2\/types\/post"}],"author":[{"embeddable":true,"href":"https:\/\/mediarun.com\/pl\/wp-json\/wp\/v2\/users\/1"}],"replies":[{"embeddable":true,"href":"https:\/\/mediarun.com\/pl\/wp-json\/wp\/v2\/comments?post=57827"}],"version-history":[{"count":0,"href":"https:\/\/mediarun.com\/pl\/wp-json\/wp\/v2\/posts\/57827\/revisions"}],"wp:featuredmedia":[{"embeddable":true,"href":"https:\/\/mediarun.com\/pl\/wp-json\/wp\/v2\/media\/57828"}],"wp:attachment":[{"href":"https:\/\/mediarun.com\/pl\/wp-json\/wp\/v2\/media?parent=57827"}],"wp:term":[{"taxonomy":"category","embeddable":true,"href":"https:\/\/mediarun.com\/pl\/wp-json\/wp\/v2\/categories?post=57827"},{"taxonomy":"post_tag","embeddable":true,"href":"https:\/\/mediarun.com\/pl\/wp-json\/wp\/v2\/tags?post=57827"}],"curies":[{"name":"wp","href":"https:\/\/api.w.org\/{rel}","templated":true}]}}