{"id":57813,"date":"2007-10-08T06:00:00","date_gmt":"2007-10-08T04:00:00","guid":{"rendered":"https:\/\/mediarun.com\/index.php\/news-posts\/wiekszosc-stacji-zorganizuje-wieczory-wyborcze\/"},"modified":"2007-10-08T06:00:00","modified_gmt":"2007-10-08T04:00:00","slug":"wiekszosc-stacji-zorganizuje-wieczory-wyborcze","status":"publish","type":"post","link":"https:\/\/mediarun.com\/pl\/media\/tv\/wiekszosc-stacji-zorganizuje-wieczory-wyborcze.html","title":{"rendered":"Wi\u0119kszo\u015b\u0107 stacji zorganizuje wieczory wyborcze"},"content":{"rendered":"<p><P>W Telewizji Polskiej &#8222;Wiecz\u00f3r wyborczy&#8221; b\u0119dzie emitowany na antenie TVP1, TV Polonia i TVP Info od 19.55 do 1.30.&nbsp;&#8211; Nie zdecydowano jeszcze o dok\u0142adnym podziale czasu antenowego&nbsp;&#8211; informuje Aneta Wrona, rzecznik prasowy TVP. W TVP1 &#8222;Wiecz\u00f3r wyborczy&#8221; potrwa najprawdopodobniej do 22.00.<\/P><br \/>\n<P>Podczas &#8222;Wieczoru wyborczego&#8221; TVP zostan\u0105 przedstawione sonda\u017cowe wyniki exit poll TNS OBOP. W programie pojawi\u0105 si\u0119 relacje z poszczeg\u00f3lnych sztab\u00f3w, a go\u015b\u0107mi programu b\u0119d\u0105 liderzy partii, politycy, politolodzy, socjolodzy i publicy\u015bci. TVP nie ujawnia na razie, kto poprowadzi &#8222;Wiecz\u00f3r wyborczy&#8221;.<\/P><br \/>\n<P>&#8222;Wiecz\u00f3r wyborczy&#8221; emitowany b\u0119dzie tak\u017ce na antenach TVN i TVN24 od godz. 19.50. Gospodarzami programu b\u0119d\u0105 Justyna Pochanke, Kamil Durczok i Bogdan Rymanowski, kt\u00f3rzy b\u0119d\u0105 si\u0119 zmieniali co godzin\u0119. Na antenie TVN program ogl\u0105da\u0107 b\u0119dzie mo\u017cna do godz. 20.50 (p\u00f3\u017aniej widzowie zobacz\u0105 &#8222;Taniec z gwiazdami&#8221;), a tak\u017ce w specjalnym wydaniu &#8222;Fakt\u00f3w&#8221; o godz. 23.00, kt\u00f3re poprowadzi Durczok.<\/P><br \/>\n<P>O godz. 20.00 podane zostan\u0105 sonda\u017cowe wyniki wybor\u00f3w przygotowane przez PBS\/DGA na zlecenie TVN, TVN24 i dziennika Polska. P\u00f3\u017aniej pojawi\u0105 si\u0119 pierwsze komentarze ze sztab\u00f3w wyborczych.<\/P><br \/>\n<P>Do studia zostan\u0105 zaproszeni go\u015bcie, g\u0142\u00f3wnie politycy, natomiast w specjalnej lo\u017cy komentatorskiej, Ma\u0142gorzata \u0141aszcz i dziennikarze dziennika Polska b\u0119d\u0105 rozmawia\u0107 z politologami i socjologami. <\/P><br \/>\n<P>&#8222;Wiecz\u00f3r wyborczy&#8221; zorganizuje r\u00f3wnie\u017c Superstacja, ale rzecznik prasowy kana\u0142 Elwira Rusowicz nie ujawnia na razie \u017cadnych szczeg\u00f3\u0142\u00f3w programu. <\/P><br \/>\n<P>Czy &#8222;Wiecz\u00f3r wyborczy&#8221; poka\u017ce TV Biznes?&nbsp;&#8211; Nie podj\u0119li\u015bmy jeszcze decyzji w tej sprawie&nbsp;&#8211; t\u0142umaczy nam Piotr Bare\u0142kowski, wiceprezes stacji. &#8222;Wieczoru wyborczego&#8221; nie przewiduje Polsat, chocia\u017c ostateczna decyzja w tej sprawie jeszcze nie zapad\u0142a.<\/P><\/p>\n","protected":false},"excerpt":{"rendered":"TVP1, TVP Info, TVN, TVN24, TV Polonia i Superstacja zorganizuj\u0105 21 pa\u017adziernika &quot;Wiecz\u00f3r wyborczy&quot;. Decyzji w tej sprawie nie podj\u0105\u0142 jeszcze kana\u0142 TV Biznes.","protected":false},"author":1,"featured_media":57814,"comment_status":"open","ping_status":"closed","sticky":false,"template":"","format":"standard","meta":{"csco_display_header_overlay":false,"csco_singular_sidebar":"","csco_page_header_type":"","csco_page_load_nextpost":"","csco_post_video_location":[],"csco_post_video_location_hash":"","csco_post_video_url":"","csco_post_video_bg_start_time":0,"csco_post_video_bg_end_time":0,"footnotes":""},"categories":[9670],"tags":[],"class_list":{"0":"post-57813","1":"post","2":"type-post","3":"status-publish","4":"format-standard","5":"has-post-thumbnail","7":"category-tv","8":"cs-entry","9":"cs-video-wrap"},"_links":{"self":[{"href":"https:\/\/mediarun.com\/pl\/wp-json\/wp\/v2\/posts\/57813","targetHints":{"allow":["GET"]}}],"collection":[{"href":"https:\/\/mediarun.com\/pl\/wp-json\/wp\/v2\/posts"}],"about":[{"href":"https:\/\/mediarun.com\/pl\/wp-json\/wp\/v2\/types\/post"}],"author":[{"embeddable":true,"href":"https:\/\/mediarun.com\/pl\/wp-json\/wp\/v2\/users\/1"}],"replies":[{"embeddable":true,"href":"https:\/\/mediarun.com\/pl\/wp-json\/wp\/v2\/comments?post=57813"}],"version-history":[{"count":0,"href":"https:\/\/mediarun.com\/pl\/wp-json\/wp\/v2\/posts\/57813\/revisions"}],"wp:featuredmedia":[{"embeddable":true,"href":"https:\/\/mediarun.com\/pl\/wp-json\/wp\/v2\/media\/57814"}],"wp:attachment":[{"href":"https:\/\/mediarun.com\/pl\/wp-json\/wp\/v2\/media?parent=57813"}],"wp:term":[{"taxonomy":"category","embeddable":true,"href":"https:\/\/mediarun.com\/pl\/wp-json\/wp\/v2\/categories?post=57813"},{"taxonomy":"post_tag","embeddable":true,"href":"https:\/\/mediarun.com\/pl\/wp-json\/wp\/v2\/tags?post=57813"}],"curies":[{"name":"wp","href":"https:\/\/api.w.org\/{rel}","templated":true}]}}