{"id":57337,"date":"2007-10-24T06:00:00","date_gmt":"2007-10-24T04:00:00","guid":{"rendered":"https:\/\/mediarun.com\/index.php\/news-posts\/izdebski-przechodzi-do-polskapresse\/"},"modified":"2007-10-24T06:00:00","modified_gmt":"2007-10-24T04:00:00","slug":"izdebski-przechodzi-do-polskapresse","status":"publish","type":"post","link":"https:\/\/mediarun.com\/pl\/ludzie\/awanse\/izdebski-przechodzi-do-polskapresse.html","title":{"rendered":"Izdebski przechodzi do Polskapresse"},"content":{"rendered":"<p><P>gdzie b\u0119dzie dyrektorem ds. marketingu i bada\u0144 rynkowych. Jest to nowy obszar kompetencji w firmie.<\/P><br \/>\n<P>Waldemar Izdebski odpowiada\u0107 b\u0119dzie za badania marketingowe, formatowanie i monitorowanie wizerunku oraz profilowanie produkt\u00f3w czytelniczych Grupy Wydawniczej Polskapresse. <\/P><br \/>\n<P>Waldemar Izdebski przechodzi do Polskapresse z Mediatak, gdzie pracowa\u0142 od 2000 roku, od 2006 na stanowisku dyrektora marketingu.<\/P><\/p>\n","protected":false},"excerpt":{"rendered":"1 listopada Waldemar Izbebski, dotychczas zwi\u0105zany z domem prasy regionalnej Mediatak, rozpocznie prac\u0119 w koncernie Polskapresse&#8230;","protected":false},"author":1,"featured_media":57338,"comment_status":"open","ping_status":"closed","sticky":false,"template":"","format":"standard","meta":{"csco_display_header_overlay":false,"csco_singular_sidebar":"","csco_page_header_type":"","csco_page_load_nextpost":"","csco_post_video_location":[],"csco_post_video_location_hash":"","csco_post_video_url":"","csco_post_video_bg_start_time":0,"csco_post_video_bg_end_time":0,"footnotes":""},"categories":[9678],"tags":[],"class_list":{"0":"post-57337","1":"post","2":"type-post","3":"status-publish","4":"format-standard","5":"has-post-thumbnail","7":"category-awanse","8":"cs-entry","9":"cs-video-wrap"},"_links":{"self":[{"href":"https:\/\/mediarun.com\/pl\/wp-json\/wp\/v2\/posts\/57337","targetHints":{"allow":["GET"]}}],"collection":[{"href":"https:\/\/mediarun.com\/pl\/wp-json\/wp\/v2\/posts"}],"about":[{"href":"https:\/\/mediarun.com\/pl\/wp-json\/wp\/v2\/types\/post"}],"author":[{"embeddable":true,"href":"https:\/\/mediarun.com\/pl\/wp-json\/wp\/v2\/users\/1"}],"replies":[{"embeddable":true,"href":"https:\/\/mediarun.com\/pl\/wp-json\/wp\/v2\/comments?post=57337"}],"version-history":[{"count":0,"href":"https:\/\/mediarun.com\/pl\/wp-json\/wp\/v2\/posts\/57337\/revisions"}],"wp:featuredmedia":[{"embeddable":true,"href":"https:\/\/mediarun.com\/pl\/wp-json\/wp\/v2\/media\/57338"}],"wp:attachment":[{"href":"https:\/\/mediarun.com\/pl\/wp-json\/wp\/v2\/media?parent=57337"}],"wp:term":[{"taxonomy":"category","embeddable":true,"href":"https:\/\/mediarun.com\/pl\/wp-json\/wp\/v2\/categories?post=57337"},{"taxonomy":"post_tag","embeddable":true,"href":"https:\/\/mediarun.com\/pl\/wp-json\/wp\/v2\/tags?post=57337"}],"curies":[{"name":"wp","href":"https:\/\/api.w.org\/{rel}","templated":true}]}}