{"id":57159,"date":"2007-10-31T11:33:34","date_gmt":"2007-10-31T10:33:34","guid":{"rendered":"https:\/\/mediarun.com\/index.php\/news-posts\/po-dziewiatej-z-graczykiem-w-tok-fm\/"},"modified":"2007-10-31T11:33:34","modified_gmt":"2007-10-31T10:33:34","slug":"po-dziewiatej-z-graczykiem-w-tok-fm","status":"publish","type":"post","link":"https:\/\/mediarun.com\/pl\/media\/radio\/po-dziewiatej-z-graczykiem-w-tok-fm.html","title":{"rendered":"\u201ePo dziewi\u0105tej\u201d z Graczykiem w Tok FM"},"content":{"rendered":"<p>Dotychczas Marcin Graczyk by\u0142 gospodarzem audycji &quot;Po pi\u0105tej&quot; (nadawanej po godz. 17.00). Teraz b\u0119dzie rozmawia\u0107 z zaproszonymi go\u015b\u0107mi rano (po godz. 9.00) w programie &quot;Po dziewi\u0105tej&quot;. <\/p>\n<p>&#8211; &quot;Po pi\u0105tej&quot; zosta\u0142o po prostu wch\u0142oni\u0119te przez &bdquo;Popo\u0142udnie&rdquo; i b\u0119dzie jego integraln\u0105 cz\u0119\u015bci\u0105. W zwi\u0105zku z tym b\u0119dzie prowadzone przez gospodarza tego pasma, czyli Grzegorza Chlast\u0119 &#8211; t\u0142umaczy nam Barbara Golas, sekretarz redakcji Radia Tok FM.<\/p>\n","protected":false},"excerpt":{"rendered":"Radio Tok FM wprowadzi w poniedzia\u0142ek do swojej ram&oacute;wki program &quot;Po dziewi\u0105tej&quot;, w kt&oacute;rym Marcin Graczyk b\u0119dzie rozmawia\u0142 z politykami.","protected":false},"author":1,"featured_media":57160,"comment_status":"open","ping_status":"closed","sticky":false,"template":"","format":"standard","meta":{"csco_display_header_overlay":false,"csco_singular_sidebar":"","csco_page_header_type":"","csco_page_load_nextpost":"","csco_post_video_location":[],"csco_post_video_location_hash":"","csco_post_video_url":"","csco_post_video_bg_start_time":0,"csco_post_video_bg_end_time":0,"footnotes":""},"categories":[9672],"tags":[980,612],"class_list":{"0":"post-57159","1":"post","2":"type-post","3":"status-publish","4":"format-standard","5":"has-post-thumbnail","7":"category-radio","8":"tag-ramowka","9":"tag-tok-fm","10":"cs-entry","11":"cs-video-wrap"},"_links":{"self":[{"href":"https:\/\/mediarun.com\/pl\/wp-json\/wp\/v2\/posts\/57159","targetHints":{"allow":["GET"]}}],"collection":[{"href":"https:\/\/mediarun.com\/pl\/wp-json\/wp\/v2\/posts"}],"about":[{"href":"https:\/\/mediarun.com\/pl\/wp-json\/wp\/v2\/types\/post"}],"author":[{"embeddable":true,"href":"https:\/\/mediarun.com\/pl\/wp-json\/wp\/v2\/users\/1"}],"replies":[{"embeddable":true,"href":"https:\/\/mediarun.com\/pl\/wp-json\/wp\/v2\/comments?post=57159"}],"version-history":[{"count":0,"href":"https:\/\/mediarun.com\/pl\/wp-json\/wp\/v2\/posts\/57159\/revisions"}],"wp:featuredmedia":[{"embeddable":true,"href":"https:\/\/mediarun.com\/pl\/wp-json\/wp\/v2\/media\/57160"}],"wp:attachment":[{"href":"https:\/\/mediarun.com\/pl\/wp-json\/wp\/v2\/media?parent=57159"}],"wp:term":[{"taxonomy":"category","embeddable":true,"href":"https:\/\/mediarun.com\/pl\/wp-json\/wp\/v2\/categories?post=57159"},{"taxonomy":"post_tag","embeddable":true,"href":"https:\/\/mediarun.com\/pl\/wp-json\/wp\/v2\/tags?post=57159"}],"curies":[{"name":"wp","href":"https:\/\/api.w.org\/{rel}","templated":true}]}}