{"id":57157,"date":"2007-10-31T12:45:05","date_gmt":"2007-10-31T11:45:05","guid":{"rendered":"https:\/\/mediarun.com\/index.php\/news-posts\/sakiewicz-wsadza-nas-13-grudnia\/"},"modified":"2007-10-31T12:45:05","modified_gmt":"2007-10-31T11:45:05","slug":"sakiewicz-wsadza-nas-13-grudnia","status":"publish","type":"post","link":"https:\/\/mediarun.com\/pl\/media\/prasa\/sakiewicz-wsadza-nas-13-grudnia.html","title":{"rendered":"Sakiewicz: wsadz\u0105 nas 13 grudnia"},"content":{"rendered":"<p>Tomasz Sakiewicz poinformowa\u0142 o tym na swoim blogu. Razem z Hejke ma sp\u0119dzi\u0107 w areszcie 13 grudnia.<\/p>\n<p>Przeciwko Hejke i Sakiewiczowi toczy si\u0119 sprawa karna z prywatnego oskar\u017cenia, wytoczona im przez TVN. Chodzi o publikacj\u0119 &quot;WSI na wizji&quot;, w kt&oacute;rej Gazeta Polska napisa\u0142a, \u017ce Milan Suboti\u0107 z TVN wsp&oacute;\u0142pracowa\u0142 z wojskowymi s\u0142u\u017cbami z czas&oacute;w PRL oraz &#8211; po 1989 r. &#8211; z WSI.<\/p>\n<p>Na poniedzia\u0142kowej rozprawie przed warszawskim s\u0105dem Tomasz Sakiewicz nie stawi\u0142 si\u0119, poniewa\u017c przebywa zagranic\u0105. Natomiast do Katarzyny Hejke informacja o dacie i godzinie rozprawy w og&oacute;le nie dotar\u0142a.<\/p>\n<p>&#8211; Mimo to s\u0105d b\u0142\u0119dnie i skandalicznie &#8211; zastosowa\u0142 art. 382 kpk, m&oacute;wi\u0105cy o mo\u017cliwo\u015bci zatrzymania osoby, kt&oacute;ra nie stawi\u0142a si\u0119 na rozpraw\u0119 bez usprawiedliwienia. Dodatkowo, kuriozalnie, wyznaczy\u0142 termin 48 godzin przed rozpraw\u0105 jako w\u0142a\u015bciwy do zatrzymania obojga dziennikarzy &#8211; czytamy na blogu Tomasza Sakiewicza.<\/p>\n","protected":false},"excerpt":{"rendered":"Warszawski s\u0105d podj\u0105\u0142 decyzj\u0119 o zatrzymaniu na 48 godzin redaktora naczelnego Gazety Polskiej Tomasza Sakiewicza oraz jego zast\u0119pczyni Katarzyny Hejke.","protected":false},"author":1,"featured_media":57158,"comment_status":"open","ping_status":"closed","sticky":false,"template":"","format":"standard","meta":{"csco_display_header_overlay":false,"csco_singular_sidebar":"","csco_page_header_type":"","csco_page_load_nextpost":"","csco_post_video_location":[],"csco_post_video_location_hash":"","csco_post_video_url":"","csco_post_video_bg_start_time":0,"csco_post_video_bg_end_time":0,"footnotes":""},"categories":[9673],"tags":[],"class_list":{"0":"post-57157","1":"post","2":"type-post","3":"status-publish","4":"format-standard","5":"has-post-thumbnail","7":"category-prasa","8":"cs-entry","9":"cs-video-wrap"},"_links":{"self":[{"href":"https:\/\/mediarun.com\/pl\/wp-json\/wp\/v2\/posts\/57157","targetHints":{"allow":["GET"]}}],"collection":[{"href":"https:\/\/mediarun.com\/pl\/wp-json\/wp\/v2\/posts"}],"about":[{"href":"https:\/\/mediarun.com\/pl\/wp-json\/wp\/v2\/types\/post"}],"author":[{"embeddable":true,"href":"https:\/\/mediarun.com\/pl\/wp-json\/wp\/v2\/users\/1"}],"replies":[{"embeddable":true,"href":"https:\/\/mediarun.com\/pl\/wp-json\/wp\/v2\/comments?post=57157"}],"version-history":[{"count":0,"href":"https:\/\/mediarun.com\/pl\/wp-json\/wp\/v2\/posts\/57157\/revisions"}],"wp:featuredmedia":[{"embeddable":true,"href":"https:\/\/mediarun.com\/pl\/wp-json\/wp\/v2\/media\/57158"}],"wp:attachment":[{"href":"https:\/\/mediarun.com\/pl\/wp-json\/wp\/v2\/media?parent=57157"}],"wp:term":[{"taxonomy":"category","embeddable":true,"href":"https:\/\/mediarun.com\/pl\/wp-json\/wp\/v2\/categories?post=57157"},{"taxonomy":"post_tag","embeddable":true,"href":"https:\/\/mediarun.com\/pl\/wp-json\/wp\/v2\/tags?post=57157"}],"curies":[{"name":"wp","href":"https:\/\/api.w.org\/{rel}","templated":true}]}}