{"id":57149,"date":"2007-11-01T11:30:58","date_gmt":"2007-11-01T10:30:58","guid":{"rendered":"https:\/\/mediarun.com\/index.php\/news-posts\/mtv-ema-2007-wielka-maszyna-rozwija-sie-z-rynkiem\/"},"modified":"2007-11-01T11:30:58","modified_gmt":"2007-11-01T10:30:58","slug":"mtv-ema-2007-wielka-maszyna-rozwija-sie-z-rynkiem","status":"publish","type":"post","link":"https:\/\/mediarun.com\/pl\/media\/tv\/mtv-ema-2007-wielka-maszyna-rozwija-sie-z-rynkiem.html","title":{"rendered":"MTV EMA 2007: Wielka maszyna rozwija si\u0119 z rynkiem"},"content":{"rendered":"<p>Na jeden wiecz&oacute;r muzyczn\u0105 stolic\u0105 najnowszych muzycznych hit&oacute;w stanie si\u0119 Monachium. Kiedy kilkana\u015bcie lat temu po raz pierwszy rozdano statuetki MTV European Music Awards, sceptycy nie wr&oacute;\u017cyli imprezie du\u017cego powodzenia. Dzi\u015b mo\u017cna \u015bmia\u0142o powiedzie\u0107: mylili si\u0119.&nbsp;<\/p>\n<p>&nbsp;<\/p>\n<p>&ndash; To najbardziej mi\u0119dzynarodowa impreza obok Oktoberfestu, jaka zdarzy\u0142a nam si\u0119 od czas&oacute;w olimpiady w 1972 roku &ndash; m&oacute;wi\u0142a na spotkaniu z dziennikarzami podekscytowana Christine Strobl, wiceburmistrz Monachium. <\/p>\n<p>&nbsp;<\/p>\n<p>Kiedy w 1994 roku pod bram\u0105 brandenbursk\u0105 w Berlinie &ndash; z wielk\u0105 pomp\u0105 &#8211; po raz pierwszy rozdano europejskie nagrody muzyczne MTV, nie by\u0142o do ko\u0144ca pewne, czy impreza utrzyma si\u0119 na rynku. Europejskie MTV mia\u0142o wtedy tylko jeden kana\u0142 &ndash; raczkuj\u0105cy angloj\u0119zyczny MTV Europe, dost\u0119pny przez satelit\u0119. Wzorowana na ameryka\u0144skim pierwowzorze stacja niczym nie przypomina\u0142a tego, czym jest dzi\u015b. Bo kto dzi\u015b pami\u0119ta wieczorny show na \u017cywo &bdquo;Most Wanted!&rdquo;, prowadzony przez kultowego w swoich czasach Raya Cokesa? Dzi\u015b europejskie MTV to ca\u0142a sie\u0107 lokalnych kana\u0142&oacute;w muzycznych, dostosowanych do specyfiki danego rynku. A nagrody MTV EMA wyros\u0142y do rangi globalnego muzycznego wydarzenia. <\/p>\n<p>&nbsp;<\/p>\n<p>&#8211; Poprzedni prezenterzy byli \u015bwietni, ale tego roku zaprezentujemy ca\u0142kiem nowy poziom &ndash; obiecuje Snoop Dogg, prowadz\u0105cy tegoroczn\u0105 14. gal\u0119 europejskich nagr&oacute;d muzycznych MTV. Pomi\u0119dzy tym, czym impreza by\u0142a kilkana\u015bcie lat temu, a czym jest dzi\u015b istnieje ogromna przepa\u015b\u0107. Wystarczy przypomnie\u0107, \u017ce pierwszym prowadz\u0105cym gal\u0119 rozdania tych nagr&oacute;d by\u0142 przecie\u017c Tom Jones, 67-letni dzi\u015b muzyk, kt&oacute;ry jest gwiazd\u0105 zupe\u0142nie innego formatu, ni\u017c Snoop Dogg. Tak\u017ce muzyka kilkana\u015bcie lat temu by\u0142a inna. Na pierwszej gali nagr&oacute;d zagrali wtedy arty\u015bci tacy, jak cho\u0107by Eros Ramazotti, czy zesp&oacute;\u0142 Aerosmith. Dzi\u015b o wst\u0119pie na scen\u0119 MTV EMA mog\u0105 raczej pomarzy\u0107. <\/p>\n<p>&nbsp;<\/p>\n<p>&#8211; Ten koncert poka\u017ce zmiany przez kt&oacute;re przechodzi rynek &ndash; m&oacute;wi Richard Godfrey, zajmuj\u0105cy si\u0119 w MTV od kilkunastu lat organizacj\u0105 europejskich nagr&oacute;d. Zmieni\u0142a si\u0119 nie tylko muzyka, ale i technologia. Dzi\u0119ki internetowi i telefonii kom&oacute;rkowej, uda\u0142o si\u0119 zebra\u0107 ponad 60 mln g\u0142os&oacute;w widz&oacute;w. Bo to oni decyduj\u0105, kto zdob\u0119dzie statuetk\u0119 EMA. &ndash; To prawdziwa demokracja, jakiej mog\u0142oby nam pozazdro\u015bci\u0107 wielu polityk&oacute;w &ndash; dodaje Godfrey. <\/p>\n<p>&nbsp;<\/p>\n<p>Tegoroczna gala w Monachium pod wzgl\u0119dem technologii ma by\u0107 prze\u0142omowa. &#8211; Dzi\u0119ki nowej technologii dotrzemy do rekordowej liczby widz&oacute;w &ndash; m&oacute;wi Richard Godfrey. <\/p>\n<p>&nbsp;<\/p>\n<p>Przygotowanie tak du\u017cego przedsi\u0119wzi\u0119cia, jak coroczne rozdanie nagr&oacute;d MTV EMA to nie kwestia miesi\u0119cy, a wielu lat. &ndash; Spotkanie w sprawie gali rozdania nagr&oacute;d w 2009 roku mia\u0142em zaledwie tydzie\u0144 temu &ndash; m&oacute;wi Godfrey. Gospodarzem przysz\u0142orocznej gali b\u0119dzie Liverpool. Ju\u017c teraz, na rok przed koncertem, wszystko dopinane jest niemal\u017ce na ostatni guzik. <\/p>\n<p>&nbsp;<\/p>\n<p>Piwo, tradycyjne sk&oacute;rzane spodnie i Oktoberfest &ndash; to g\u0142&oacute;wne elementy przychodz\u0105ce do g\u0142owy po us\u0142yszeniu nazwy miasta tegorocznego gospodarza MTV EMA &ndash; Monachium. <\/p>\n<p>&nbsp;<\/p>\n<p>&#8211; Tak naprawd\u0119 jeste\u015bmy prawdziwym miastem medi&oacute;w &ndash; przekonuje jednak Christine Strobl, wiceburmistrz niemieckiej metropolii. I ma racj\u0119. Swoje siedziby w miasteczku medialnym na przedmie\u015bciach Monachium maj\u0105 du\u017ce stacje telewizyjne, takie jak ProSieben, Sat.1. Swoje centrum nadawcze ma tu tak\u017ce jedna z pierwszych w Europie p\u0142atnych platform cyfrowych Premiere World. <\/p>\n<p>&nbsp;<\/p>\n<p>Z takim zapleczem zorganizowanie MTV EMA w tym mie\u015bcie nie by\u0142o trudne. Efekt dzia\u0142ania tej &bdquo;wielkiej maszyny&rdquo;, jak\u0105 sta\u0142y si\u0119 europejskie nagrody muzyczne, b\u0119dzie mo\u017cna zobaczy\u0107 wieczorem ju\u017c nie tylko na wszystkich kana\u0142ach MTV, ale tak\u017ce w tradycyjnych stacjach telewizyjnych. Prawa do pokazania imprezy na \u017cywo kupi\u0142y m.in. australijska Network 10, du\u0144ska TV2, islandzka RTE, czy szwajcarska TSR. <\/p>\n","protected":false},"excerpt":{"rendered":"Olbrzymie przygotowania, arty\u015bci z czo\u0142&oacute;wek list przeboj&oacute;w, t\u0142umy fan&oacute;w i miliony widz&oacute;w przed telewizorami &ndash; MTV zn&oacute;w rozda swoje nagrody. Medialink.pl polecia\u0142 do Monachium przyjrze\u0107 si\u0119 z bliska kulisom imprezy.","protected":false},"author":1,"featured_media":57150,"comment_status":"open","ping_status":"closed","sticky":false,"template":"","format":"standard","meta":{"csco_display_header_overlay":false,"csco_singular_sidebar":"","csco_page_header_type":"","csco_page_load_nextpost":"","csco_post_video_location":[],"csco_post_video_location_hash":"","csco_post_video_url":"","csco_post_video_bg_start_time":0,"csco_post_video_bg_end_time":0,"footnotes":""},"categories":[9670],"tags":[],"class_list":{"0":"post-57149","1":"post","2":"type-post","3":"status-publish","4":"format-standard","5":"has-post-thumbnail","7":"category-tv","8":"cs-entry","9":"cs-video-wrap"},"_links":{"self":[{"href":"https:\/\/mediarun.com\/pl\/wp-json\/wp\/v2\/posts\/57149","targetHints":{"allow":["GET"]}}],"collection":[{"href":"https:\/\/mediarun.com\/pl\/wp-json\/wp\/v2\/posts"}],"about":[{"href":"https:\/\/mediarun.com\/pl\/wp-json\/wp\/v2\/types\/post"}],"author":[{"embeddable":true,"href":"https:\/\/mediarun.com\/pl\/wp-json\/wp\/v2\/users\/1"}],"replies":[{"embeddable":true,"href":"https:\/\/mediarun.com\/pl\/wp-json\/wp\/v2\/comments?post=57149"}],"version-history":[{"count":0,"href":"https:\/\/mediarun.com\/pl\/wp-json\/wp\/v2\/posts\/57149\/revisions"}],"wp:featuredmedia":[{"embeddable":true,"href":"https:\/\/mediarun.com\/pl\/wp-json\/wp\/v2\/media\/57150"}],"wp:attachment":[{"href":"https:\/\/mediarun.com\/pl\/wp-json\/wp\/v2\/media?parent=57149"}],"wp:term":[{"taxonomy":"category","embeddable":true,"href":"https:\/\/mediarun.com\/pl\/wp-json\/wp\/v2\/categories?post=57149"},{"taxonomy":"post_tag","embeddable":true,"href":"https:\/\/mediarun.com\/pl\/wp-json\/wp\/v2\/tags?post=57149"}],"curies":[{"name":"wp","href":"https:\/\/api.w.org\/{rel}","templated":true}]}}