{"id":57145,"date":"2007-11-01T22:42:45","date_gmt":"2007-11-01T21:42:45","guid":{"rendered":"https:\/\/mediarun.com\/index.php\/news-posts\/wiktor-bater-korespondentem-tvp-2\/"},"modified":"2007-11-01T22:42:45","modified_gmt":"2007-11-01T21:42:45","slug":"wiktor-bater-korespondentem-tvp-2","status":"publish","type":"post","link":"https:\/\/mediarun.com\/pl\/media\/tv\/wiktor-bater-korespondentem-tvp-2.html","title":{"rendered":"Wiktor Bater korespondentem TVP"},"content":{"rendered":"<p>Wiktor Bater jest drugim po Barbarze W\u0142odarczyk dziennikarzem Telewizji Polskiej w Moskwie. &ndash; To kolejny etap rozwoju sieci korespondent&oacute;w zagranicznych TVP &ndash; informuje publiczny nadawca.<\/p>\n<p>&nbsp;<\/p>\n<p>Bater zanim zosta\u0142 korespondentem TVP w Moskwie, ze stolicy Rosji przygotowywa\u0142 relacje dla &bdquo;Fakt&oacute;w&rdquo; TVN. Wsp&oacute;\u0142pracuje r&oacute;wnie\u017c z Radiem Zet.<\/p>\n","protected":false},"excerpt":{"rendered":"Od 4 listopada Wiktor Bater, do niedawna zwi\u0105zany z TVN, b\u0119dzie drugim korespondentem Telewizji Polskiej w Moskwie.","protected":false},"author":1,"featured_media":57146,"comment_status":"open","ping_status":"closed","sticky":false,"template":"","format":"standard","meta":{"csco_display_header_overlay":false,"csco_singular_sidebar":"","csco_page_header_type":"","csco_page_load_nextpost":"","csco_post_video_location":[],"csco_post_video_location_hash":"","csco_post_video_url":"","csco_post_video_bg_start_time":0,"csco_post_video_bg_end_time":0,"footnotes":""},"categories":[9670],"tags":[558,1096],"class_list":{"0":"post-57145","1":"post","2":"type-post","3":"status-publish","4":"format-standard","5":"has-post-thumbnail","7":"category-tv","8":"tag-tvp1","9":"tag-wiadomosci","10":"cs-entry","11":"cs-video-wrap"},"_links":{"self":[{"href":"https:\/\/mediarun.com\/pl\/wp-json\/wp\/v2\/posts\/57145","targetHints":{"allow":["GET"]}}],"collection":[{"href":"https:\/\/mediarun.com\/pl\/wp-json\/wp\/v2\/posts"}],"about":[{"href":"https:\/\/mediarun.com\/pl\/wp-json\/wp\/v2\/types\/post"}],"author":[{"embeddable":true,"href":"https:\/\/mediarun.com\/pl\/wp-json\/wp\/v2\/users\/1"}],"replies":[{"embeddable":true,"href":"https:\/\/mediarun.com\/pl\/wp-json\/wp\/v2\/comments?post=57145"}],"version-history":[{"count":0,"href":"https:\/\/mediarun.com\/pl\/wp-json\/wp\/v2\/posts\/57145\/revisions"}],"wp:featuredmedia":[{"embeddable":true,"href":"https:\/\/mediarun.com\/pl\/wp-json\/wp\/v2\/media\/57146"}],"wp:attachment":[{"href":"https:\/\/mediarun.com\/pl\/wp-json\/wp\/v2\/media?parent=57145"}],"wp:term":[{"taxonomy":"category","embeddable":true,"href":"https:\/\/mediarun.com\/pl\/wp-json\/wp\/v2\/categories?post=57145"},{"taxonomy":"post_tag","embeddable":true,"href":"https:\/\/mediarun.com\/pl\/wp-json\/wp\/v2\/tags?post=57145"}],"curies":[{"name":"wp","href":"https:\/\/api.w.org\/{rel}","templated":true}]}}