{"id":54838,"date":"2008-01-21T18:30:17","date_gmt":"2008-01-21T17:30:17","guid":{"rendered":"https:\/\/mediarun.com\/index.php\/news-posts\/udzialowcy-likwiduja-mediatak\/"},"modified":"2008-01-21T18:30:17","modified_gmt":"2008-01-21T17:30:17","slug":"udzialowcy-likwiduja-mediatak","status":"publish","type":"post","link":"https:\/\/mediarun.com\/pl\/media\/prasa\/udzialowcy-likwiduja-mediatak.html","title":{"rendered":"Udzia\u0142owcy likwiduj\u0105 Mediatak"},"content":{"rendered":"<p>Uchwa\u0142\u0119 o rozwi\u0105zaniu i likwacji podj\u0119li przedstawiciele w\u0142a\u015bcicieli Mediatak: Mecom Holding Poland, Polskaprese, Rheinisch-Bergische Verlagsgesellschaft.<\/p>\n<p>&#8211; Wszystkie wierzytelno\u015bci sp&oacute;\u0142ki zostan\u0105 zaspokojone, a maj\u0105tek sta\u0142y sp&oacute;\u0142ki b\u0119dzie sprzedany &#8211; czytamy w komunikacie prasowym.<\/p>\n<p>Obs\u0142ug\u0119 tytu\u0142&oacute;w regionalnych, kt&oacute;re reprezentowa\u0142 Mediatak przej\u0119\u0142o biuro reklamy Polskapresse i biuro reklamy Medi&oacute;w Regionalnych. <\/p>\n","protected":false},"excerpt":{"rendered":"Nadzwyczajne walne zgromadzenie wsp&oacute;lnik&oacute;w Mediatak zdecydowa\u0142o o rozwi\u0105zaniu sp&oacute;\u0142ki i otwarciu procesu likwidacji.","protected":false},"author":1,"featured_media":54839,"comment_status":"open","ping_status":"closed","sticky":false,"template":"","format":"standard","meta":{"csco_display_header_overlay":false,"csco_singular_sidebar":"","csco_page_header_type":"","csco_page_load_nextpost":"","csco_post_video_location":[],"csco_post_video_location_hash":"","csco_post_video_url":"","csco_post_video_bg_start_time":0,"csco_post_video_bg_end_time":0,"footnotes":""},"categories":[9673],"tags":[187,3109,68],"class_list":{"0":"post-54838","1":"post","2":"type-post","3":"status-publish","4":"format-standard","5":"has-post-thumbnail","7":"category-prasa","8":"tag-media-regionalne","9":"tag-mediatak","10":"tag-polskapresse","11":"cs-entry","12":"cs-video-wrap"},"_links":{"self":[{"href":"https:\/\/mediarun.com\/pl\/wp-json\/wp\/v2\/posts\/54838","targetHints":{"allow":["GET"]}}],"collection":[{"href":"https:\/\/mediarun.com\/pl\/wp-json\/wp\/v2\/posts"}],"about":[{"href":"https:\/\/mediarun.com\/pl\/wp-json\/wp\/v2\/types\/post"}],"author":[{"embeddable":true,"href":"https:\/\/mediarun.com\/pl\/wp-json\/wp\/v2\/users\/1"}],"replies":[{"embeddable":true,"href":"https:\/\/mediarun.com\/pl\/wp-json\/wp\/v2\/comments?post=54838"}],"version-history":[{"count":0,"href":"https:\/\/mediarun.com\/pl\/wp-json\/wp\/v2\/posts\/54838\/revisions"}],"wp:featuredmedia":[{"embeddable":true,"href":"https:\/\/mediarun.com\/pl\/wp-json\/wp\/v2\/media\/54839"}],"wp:attachment":[{"href":"https:\/\/mediarun.com\/pl\/wp-json\/wp\/v2\/media?parent=54838"}],"wp:term":[{"taxonomy":"category","embeddable":true,"href":"https:\/\/mediarun.com\/pl\/wp-json\/wp\/v2\/categories?post=54838"},{"taxonomy":"post_tag","embeddable":true,"href":"https:\/\/mediarun.com\/pl\/wp-json\/wp\/v2\/tags?post=54838"}],"curies":[{"name":"wp","href":"https:\/\/api.w.org\/{rel}","templated":true}]}}