{"id":54807,"date":"2008-01-22T14:47:59","date_gmt":"2008-01-22T13:47:59","guid":{"rendered":"https:\/\/mediarun.com\/index.php\/news-posts\/zdjecia-kolekcji-reserved-zrobi-fotograf-z-vogue\/"},"modified":"2008-01-22T14:47:59","modified_gmt":"2008-01-22T13:47:59","slug":"zdjecia-kolekcji-reserved-zrobi-fotograf-z-vogue","status":"publish","type":"post","link":"https:\/\/mediarun.com\/pl\/trendy\/branding\/zdjecia-kolekcji-reserved-zrobi-fotograf-z-vogue.html","title":{"rendered":"Zdj\u0119cia kolekcji Reserved zrobi fotograf z Vogue"},"content":{"rendered":"<p>Dotychczas jego zdj\u0119cia znalaz\u0142y si\u0119 na ok\u0142adkach wydania hiszpa\u0144skiego, rosyjskiego i portugalskiego magazynu. Robi\u0142 te\u017c zdj\u0119cia dla ELLE (Portugalia, Australia), L&rsquo;Officiel (Rosja) oraz Dedicate (Francja). Ponadto jest zwi\u0105zany kontraktem z Vanity Fair.<\/p>\n<p>W kampanii marki Reserved fotograf wsp&oacute;\u0142pracuje z twarz\u0105 kolekcji Paprocki&amp;Brzozowski, Korneli\u0105 Strzeleck\u0105. Zdj\u0119cia zrealizowane zosta\u0142y na prze\u0142omie grudnia i stycznia, a ich pierwsza ods\u0142ona b\u0119dzie mia\u0142a miejsce na pokazie kolekcji 24 stycznia br. w Warszawie. <\/p>\n<p>Kolejnym etapem b\u0119dzie rozpoczynaj\u0105ca si\u0119 w marcu br. kampania reklamowa. W jej ramach zdj\u0119cia Tyszki pojawi\u0105 si\u0119 w prasie (Tw&oacute;j Styl, Elle, Glamour, Party, Viva, Pani, Gazeta Wyborcza), internecie (Gadu-Gadu, Interia.pl, WP.pl) i w telewizji (TVP, TV4, TVN, TVN Style). Wsparciem b\u0119dzie product placement oraz dzia\u0142ania PR.<\/p>\n<p>Autorami kampanii Reserved s\u0105: agencja interaktywna Zjednoczenie.com, dom mediowy Universal McCann oraz agencja Re:public, kt&oacute;ra wraz z firm\u0105 Plej przygotowuje styczniowy pokaz.<\/p>\n","protected":false},"excerpt":{"rendered":"Marcin Tyszka, polski fotograf czasopisma Vogue, jest autorem zdj\u0119\u0107 nowej kolekcji &quot;Paprocki&amp;Brzozowski for Reserved&quot;.","protected":false},"author":1,"featured_media":54808,"comment_status":"open","ping_status":"closed","sticky":false,"template":"","format":"standard","meta":{"csco_display_header_overlay":false,"csco_singular_sidebar":"","csco_page_header_type":"","csco_page_load_nextpost":"","csco_post_video_location":[],"csco_post_video_location_hash":"","csco_post_video_url":"","csco_post_video_bg_start_time":0,"csco_post_video_bg_end_time":0,"footnotes":""},"categories":[9658],"tags":[292,224,107],"class_list":{"0":"post-54807","1":"post","2":"type-post","3":"status-publish","4":"format-standard","5":"has-post-thumbnail","7":"category-branding","8":"tag-reserved","9":"tag-universal-mccann","10":"tag-zjednoczenie-com","11":"cs-entry","12":"cs-video-wrap"},"_links":{"self":[{"href":"https:\/\/mediarun.com\/pl\/wp-json\/wp\/v2\/posts\/54807","targetHints":{"allow":["GET"]}}],"collection":[{"href":"https:\/\/mediarun.com\/pl\/wp-json\/wp\/v2\/posts"}],"about":[{"href":"https:\/\/mediarun.com\/pl\/wp-json\/wp\/v2\/types\/post"}],"author":[{"embeddable":true,"href":"https:\/\/mediarun.com\/pl\/wp-json\/wp\/v2\/users\/1"}],"replies":[{"embeddable":true,"href":"https:\/\/mediarun.com\/pl\/wp-json\/wp\/v2\/comments?post=54807"}],"version-history":[{"count":0,"href":"https:\/\/mediarun.com\/pl\/wp-json\/wp\/v2\/posts\/54807\/revisions"}],"wp:featuredmedia":[{"embeddable":true,"href":"https:\/\/mediarun.com\/pl\/wp-json\/wp\/v2\/media\/54808"}],"wp:attachment":[{"href":"https:\/\/mediarun.com\/pl\/wp-json\/wp\/v2\/media?parent=54807"}],"wp:term":[{"taxonomy":"category","embeddable":true,"href":"https:\/\/mediarun.com\/pl\/wp-json\/wp\/v2\/categories?post=54807"},{"taxonomy":"post_tag","embeddable":true,"href":"https:\/\/mediarun.com\/pl\/wp-json\/wp\/v2\/tags?post=54807"}],"curies":[{"name":"wp","href":"https:\/\/api.w.org\/{rel}","templated":true}]}}