{"id":54551,"date":"2008-01-31T16:24:54","date_gmt":"2008-01-31T15:24:54","guid":{"rendered":"https:\/\/mediarun.com\/index.php\/news-posts\/drozsze-reklamy-w-fakcie\/"},"modified":"2008-01-31T16:24:54","modified_gmt":"2008-01-31T15:24:54","slug":"drozsze-reklamy-w-fakcie","status":"publish","type":"post","link":"https:\/\/mediarun.com\/pl\/media\/prasa\/drozsze-reklamy-w-fakcie.html","title":{"rendered":"Dro\u017csze reklamy w Fakcie"},"content":{"rendered":"<p>Ceny reklam w wydaniach regionalnych Faktu (warszawskie, pozna\u0144skie, krakowskie, wroc\u0142awskie, gda\u0144skie, \u0142&oacute;dzkie, katowickie) &#8211; wzrosn\u0105 \u015brednio o 6 proc. B\u0119dzie to pierwsza podwy\u017cka cen w regionach od momentu ich&nbsp;ukazania si\u0119 na rynku.<\/p>\n<p>Biuro reklamy prasy codziennej Axel Springer utworzy\u0142o nowy dzia\u0142 sprzeda\u017cy<br \/>projekt&oacute;w specjalnych, kt&oacute;ry b\u0119dzie odpowiada\u0142 za sprzeda\u017c niestandardowych<br \/>ofert reklamowych dziennik&oacute;w Axel Springer Polska. <\/p>\n<p>Szefem dzia\u0142u zosta\u0142 Maciej&nbsp;Rojewski, zwi\u0105zany z biurem od 2006 r.<\/p>\n","protected":false},"excerpt":{"rendered":"Axel Springer 4 lutego wprowadzi nowy cennik reklamowy Faktu. Wzrosn\u0105 ceny format&oacute;w specjalnych na pierwszej stronie.","protected":false},"author":1,"featured_media":54552,"comment_status":"open","ping_status":"closed","sticky":false,"template":"","format":"standard","meta":{"csco_display_header_overlay":false,"csco_singular_sidebar":"","csco_page_header_type":"","csco_page_load_nextpost":"","csco_post_video_location":[],"csco_post_video_location_hash":"","csco_post_video_url":"","csco_post_video_bg_start_time":0,"csco_post_video_bg_end_time":0,"footnotes":""},"categories":[9673],"tags":[125,126],"class_list":{"0":"post-54551","1":"post","2":"type-post","3":"status-publish","4":"format-standard","5":"has-post-thumbnail","7":"category-prasa","8":"tag-fakt","9":"tag-ringier-axel-springer","10":"cs-entry","11":"cs-video-wrap"},"_links":{"self":[{"href":"https:\/\/mediarun.com\/pl\/wp-json\/wp\/v2\/posts\/54551","targetHints":{"allow":["GET"]}}],"collection":[{"href":"https:\/\/mediarun.com\/pl\/wp-json\/wp\/v2\/posts"}],"about":[{"href":"https:\/\/mediarun.com\/pl\/wp-json\/wp\/v2\/types\/post"}],"author":[{"embeddable":true,"href":"https:\/\/mediarun.com\/pl\/wp-json\/wp\/v2\/users\/1"}],"replies":[{"embeddable":true,"href":"https:\/\/mediarun.com\/pl\/wp-json\/wp\/v2\/comments?post=54551"}],"version-history":[{"count":0,"href":"https:\/\/mediarun.com\/pl\/wp-json\/wp\/v2\/posts\/54551\/revisions"}],"wp:featuredmedia":[{"embeddable":true,"href":"https:\/\/mediarun.com\/pl\/wp-json\/wp\/v2\/media\/54552"}],"wp:attachment":[{"href":"https:\/\/mediarun.com\/pl\/wp-json\/wp\/v2\/media?parent=54551"}],"wp:term":[{"taxonomy":"category","embeddable":true,"href":"https:\/\/mediarun.com\/pl\/wp-json\/wp\/v2\/categories?post=54551"},{"taxonomy":"post_tag","embeddable":true,"href":"https:\/\/mediarun.com\/pl\/wp-json\/wp\/v2\/tags?post=54551"}],"curies":[{"name":"wp","href":"https:\/\/api.w.org\/{rel}","templated":true}]}}