{"id":54502,"date":"2008-02-04T14:58:23","date_gmt":"2008-02-04T13:58:23","guid":{"rendered":"https:\/\/mediarun.com\/index.php\/news-posts\/puls-o-poranku-obniza-ogladalnosc-tv-puls\/"},"modified":"2008-02-04T14:58:23","modified_gmt":"2008-02-04T13:58:23","slug":"puls-o-poranku-obniza-ogladalnosc-tv-puls","status":"publish","type":"post","link":"https:\/\/mediarun.com\/pl\/media\/tv\/puls-o-poranku-obniza-ogladalnosc-tv-puls.html","title":{"rendered":"&#8222;Puls o poranku&#8221; obni\u017ca ogl\u0105dalno\u015b\u0107 TV Puls"},"content":{"rendered":"<p>TV Puls poranny program &quot;Puls o poranku&quot; pokazuje mi\u0119dzy godz. 7.00 a 9.00 od 28 stycznia. Pasmo w pierwszym tygodniu emisji przyci\u0105ga\u0142o przed telewizory \u015brednio 15,5 tys. widz&oacute;w daj\u0105c stacji udzia\u0142 w rynku na poziomie 0,6 proc. <\/p>\n<p>Pierwsze wydanie &quot;Pulsu o poranku&quot; mia\u0142o 4 tys. widz&oacute;w (0,17 proc. udzia\u0142&oacute;w w rynku).<\/p>\n<p>Tydzie\u0144 wcze\u015bniej &#8211; w dniach 21-25 stycznia br. &#8211; TV Puls ogl\u0105da\u0142o \u015brednio mi\u0119dzy godz. 7.00 a 9.00 27,5 tys. widz&oacute;w przy udziale w rynku kana\u0142u wynosz\u0105cym 1,05 proc.<\/p>\n","protected":false},"excerpt":{"rendered":"Wprowadzenie do ram&oacute;wki TV Puls pasma &quot;Puls o poranku&quot; spodowoda\u0142o spadek ogl\u0105dalno\u015bci stacji w godzinach porannych &#8211; wynika z danych AGB NMR.","protected":false},"author":1,"featured_media":54503,"comment_status":"open","ping_status":"closed","sticky":false,"template":"","format":"standard","meta":{"csco_display_header_overlay":false,"csco_singular_sidebar":"","csco_page_header_type":"","csco_page_load_nextpost":"","csco_post_video_location":[],"csco_post_video_location_hash":"","csco_post_video_url":"","csco_post_video_bg_start_time":0,"csco_post_video_bg_end_time":0,"footnotes":""},"categories":[9670],"tags":[2186,1113,461],"class_list":{"0":"post-54502","1":"post","2":"type-post","3":"status-publish","4":"format-standard","5":"has-post-thumbnail","7":"category-tv","8":"tag-agb-nmr","9":"tag-ogladalnosc","10":"tag-tv-puls","11":"cs-entry","12":"cs-video-wrap"},"_links":{"self":[{"href":"https:\/\/mediarun.com\/pl\/wp-json\/wp\/v2\/posts\/54502","targetHints":{"allow":["GET"]}}],"collection":[{"href":"https:\/\/mediarun.com\/pl\/wp-json\/wp\/v2\/posts"}],"about":[{"href":"https:\/\/mediarun.com\/pl\/wp-json\/wp\/v2\/types\/post"}],"author":[{"embeddable":true,"href":"https:\/\/mediarun.com\/pl\/wp-json\/wp\/v2\/users\/1"}],"replies":[{"embeddable":true,"href":"https:\/\/mediarun.com\/pl\/wp-json\/wp\/v2\/comments?post=54502"}],"version-history":[{"count":0,"href":"https:\/\/mediarun.com\/pl\/wp-json\/wp\/v2\/posts\/54502\/revisions"}],"wp:featuredmedia":[{"embeddable":true,"href":"https:\/\/mediarun.com\/pl\/wp-json\/wp\/v2\/media\/54503"}],"wp:attachment":[{"href":"https:\/\/mediarun.com\/pl\/wp-json\/wp\/v2\/media?parent=54502"}],"wp:term":[{"taxonomy":"category","embeddable":true,"href":"https:\/\/mediarun.com\/pl\/wp-json\/wp\/v2\/categories?post=54502"},{"taxonomy":"post_tag","embeddable":true,"href":"https:\/\/mediarun.com\/pl\/wp-json\/wp\/v2\/tags?post=54502"}],"curies":[{"name":"wp","href":"https:\/\/api.w.org\/{rel}","templated":true}]}}