{"id":54488,"date":"2008-02-04T23:32:59","date_gmt":"2008-02-04T22:32:59","guid":{"rendered":"https:\/\/mediarun.com\/index.php\/news-posts\/tvp1-opoznia-sie-premiera-cyklu-wildsteina\/"},"modified":"2008-02-04T23:32:59","modified_gmt":"2008-02-04T22:32:59","slug":"tvp1-opoznia-sie-premiera-cyklu-wildsteina","status":"publish","type":"post","link":"https:\/\/mediarun.com\/pl\/media\/tv\/tvp1-opoznia-sie-premiera-cyklu-wildsteina.html","title":{"rendered":"TVP1: Op\u00f3\u017ania si\u0119 premiera cyklu Wildsteina"},"content":{"rendered":"<p>Z propozycj\u0105 realizacji cyklu &#8222;Cienie PRL&#8221; wyst\u0105pili Instytut Pami\u0119ci Narodowej oraz szef oddzia\u0142u w TVP w Krakowie Witold Gadomski. &#8211; &#8222;Cienie PRL&#8221; maj\u0105 pokazywa\u0107, jak mocno tamte czasy wp\u0142ywaj\u0105 na nasz\u0105 rzeczywisto\u015b\u0107 &#8211; m&oacute;wi Bronis\u0142aw Wildstein.<\/p>\n<p>Na pocz\u0105tku stycznia Telewizja Polska informowa\u0142a, \u017ce program Wildsteina wystartuje na antenie TVP1 28 stycznia. Jednak cykl pojawi si\u0119 na antenie p&oacute;\u017aniej ni\u017c pierwotnie planowano. &#8211; Premiera programu &#8222;Cienie PRL&#8221; zaplanowana jest na koniec lutego &#8211; t\u0142umaczy nam Aneta Wrona, rzecznik prasowy TVP.<\/p>\n","protected":false},"excerpt":{"rendered":"Telewizyjna Jedynka przesun\u0119\u0142a premier\u0119 nowego programu Bronis\u0142awa Wildsteina &#8222;Cienie PRL&#8221;","protected":false},"author":1,"featured_media":54489,"comment_status":"open","ping_status":"closed","sticky":false,"template":"","format":"standard","meta":{"csco_display_header_overlay":false,"csco_singular_sidebar":"","csco_page_header_type":"","csco_page_load_nextpost":"","csco_post_video_location":[],"csco_post_video_location_hash":"","csco_post_video_url":"","csco_post_video_bg_start_time":0,"csco_post_video_bg_end_time":0,"footnotes":""},"categories":[9670],"tags":[558],"class_list":{"0":"post-54488","1":"post","2":"type-post","3":"status-publish","4":"format-standard","5":"has-post-thumbnail","7":"category-tv","8":"tag-tvp1","9":"cs-entry","10":"cs-video-wrap"},"_links":{"self":[{"href":"https:\/\/mediarun.com\/pl\/wp-json\/wp\/v2\/posts\/54488","targetHints":{"allow":["GET"]}}],"collection":[{"href":"https:\/\/mediarun.com\/pl\/wp-json\/wp\/v2\/posts"}],"about":[{"href":"https:\/\/mediarun.com\/pl\/wp-json\/wp\/v2\/types\/post"}],"author":[{"embeddable":true,"href":"https:\/\/mediarun.com\/pl\/wp-json\/wp\/v2\/users\/1"}],"replies":[{"embeddable":true,"href":"https:\/\/mediarun.com\/pl\/wp-json\/wp\/v2\/comments?post=54488"}],"version-history":[{"count":0,"href":"https:\/\/mediarun.com\/pl\/wp-json\/wp\/v2\/posts\/54488\/revisions"}],"wp:featuredmedia":[{"embeddable":true,"href":"https:\/\/mediarun.com\/pl\/wp-json\/wp\/v2\/media\/54489"}],"wp:attachment":[{"href":"https:\/\/mediarun.com\/pl\/wp-json\/wp\/v2\/media?parent=54488"}],"wp:term":[{"taxonomy":"category","embeddable":true,"href":"https:\/\/mediarun.com\/pl\/wp-json\/wp\/v2\/categories?post=54488"},{"taxonomy":"post_tag","embeddable":true,"href":"https:\/\/mediarun.com\/pl\/wp-json\/wp\/v2\/tags?post=54488"}],"curies":[{"name":"wp","href":"https:\/\/api.w.org\/{rel}","templated":true}]}}