{"id":54474,"date":"2008-02-05T14:14:44","date_gmt":"2008-02-05T13:14:44","guid":{"rendered":"https:\/\/mediarun.com\/index.php\/news-posts\/agora-inwestuje-w-wydawnictwa-muzyczne\/"},"modified":"2008-02-05T14:14:44","modified_gmt":"2008-02-05T13:14:44","slug":"agora-inwestuje-w-wydawnictwa-muzyczne","status":"publish","type":"post","link":"https:\/\/mediarun.com\/pl\/media\/prasa\/agora-inwestuje-w-wydawnictwa-muzyczne.html","title":{"rendered":"Agora inwestuje w wydawnictwa muzyczne"},"content":{"rendered":"<p>&#8211; Wydawanie przez Agor\u0119 premierowych album&oacute;w muzycznych w formie ksi\u0105\u017cek z p\u0142ytami by\u0142o naturaln\u0105 konsekwencj\u0105 naszych wcze\u015bniejszych projekt&oacute;w, takich jak kolekcja &quot;Wielcy Kompozytorzy&quot;, &quot;Gwiazdy idole przeboje&quot; czy &quot;Leksykon Budki Suflera&quot; &#8211; t\u0142umaczy nam Robert Kijak, dyrektor pionu projekt&oacute;w specjalnych w Agorze.<\/p>\n<p>Pierwszym wydawnictwem muzycznym Agory by\u0142, wydany pod koniec 2006 roku, album &quot;Straszni Panowie Trzej&quot;. W ubieg\u0142ym roku ukaza\u0142y si\u0119 p\u0142yty m.in. Edyty G&oacute;rniak, Ewy Bem czy Macieja Male\u0144czuka z Wojciechem Waglewskim, kt&oacute;rych producentem by\u0142a Agora. Ostatnio wydano albumy DiMu oraz Shakin&rsquo; Dudiego.<\/p>\n<p>Ka\u017cde wydawnictwo zawiera p\u0142yt\u0119 i ksi\u0105\u017ck\u0119. &#8211; Sukcesy tych album&oacute;w pokaza\u0142y, \u017ce na polskim rynku istnieje zapotrzebowanie na tego typu nowatorskie przedsi\u0119wzi\u0119cia &#8211; wyja\u015bnia Kijak.<\/p>\n<p>Najwi\u0119kszy sukces &#8211; pod wzgl\u0119dem ilo\u015bci sprzedanych egzemplarzy &#8211; odnotowa\u0142y albumy &quot;Koledzy&quot; Male\u0144czuka z Waglewskim oraz &quot;E.K.G&quot; Edyty G&oacute;rniak. &#8211; Oba osi\u0105gn\u0119\u0142y ju\u017c status platynownych p\u0142yt &#8211; przypomina dyrektor pionu projekt&oacute;w specjalnych w Agorze.<\/p>\n<p>&#8211; Mog\u0119 zdradzi\u0107, \u017ce jeszcze w tym roku pojawi si\u0119 kilkana\u015bcie nowych wydawnictw &#8211; ujawnia Robert Kijak, ale nie zdradza szczeg&oacute;\u0142&oacute;w.<\/p>\n","protected":false},"excerpt":{"rendered":"Kilkana\u015bcie nowych album&oacute;w muzycznych planuje wyda\u0107 jeszcze w tym roku Agora &#8211; zapowiada Robert Kijaka, dyrektor pionu projekt&oacute;w specjalnych w sp&oacute;\u0142ce.","protected":false},"author":1,"featured_media":54475,"comment_status":"open","ping_status":"closed","sticky":false,"template":"","format":"standard","meta":{"csco_display_header_overlay":false,"csco_singular_sidebar":"","csco_page_header_type":"","csco_page_load_nextpost":"","csco_post_video_location":[],"csco_post_video_location_hash":"","csco_post_video_url":"","csco_post_video_bg_start_time":0,"csco_post_video_bg_end_time":0,"footnotes":""},"categories":[9673],"tags":[214],"class_list":{"0":"post-54474","1":"post","2":"type-post","3":"status-publish","4":"format-standard","5":"has-post-thumbnail","7":"category-prasa","8":"tag-agora","9":"cs-entry","10":"cs-video-wrap"},"_links":{"self":[{"href":"https:\/\/mediarun.com\/pl\/wp-json\/wp\/v2\/posts\/54474","targetHints":{"allow":["GET"]}}],"collection":[{"href":"https:\/\/mediarun.com\/pl\/wp-json\/wp\/v2\/posts"}],"about":[{"href":"https:\/\/mediarun.com\/pl\/wp-json\/wp\/v2\/types\/post"}],"author":[{"embeddable":true,"href":"https:\/\/mediarun.com\/pl\/wp-json\/wp\/v2\/users\/1"}],"replies":[{"embeddable":true,"href":"https:\/\/mediarun.com\/pl\/wp-json\/wp\/v2\/comments?post=54474"}],"version-history":[{"count":0,"href":"https:\/\/mediarun.com\/pl\/wp-json\/wp\/v2\/posts\/54474\/revisions"}],"wp:featuredmedia":[{"embeddable":true,"href":"https:\/\/mediarun.com\/pl\/wp-json\/wp\/v2\/media\/54475"}],"wp:attachment":[{"href":"https:\/\/mediarun.com\/pl\/wp-json\/wp\/v2\/media?parent=54474"}],"wp:term":[{"taxonomy":"category","embeddable":true,"href":"https:\/\/mediarun.com\/pl\/wp-json\/wp\/v2\/categories?post=54474"},{"taxonomy":"post_tag","embeddable":true,"href":"https:\/\/mediarun.com\/pl\/wp-json\/wp\/v2\/tags?post=54474"}],"curies":[{"name":"wp","href":"https:\/\/api.w.org\/{rel}","templated":true}]}}