{"id":54030,"date":"2008-02-14T22:00:24","date_gmt":"2008-02-14T21:00:24","guid":{"rendered":"https:\/\/mediarun.com\/index.php\/news-posts\/tvp-promuje-program-tomasza-lisa\/"},"modified":"2008-02-14T22:00:24","modified_gmt":"2008-02-14T21:00:24","slug":"tvp-promuje-program-tomasza-lisa","status":"publish","type":"post","link":"https:\/\/mediarun.com\/pl\/media\/tv\/tvp-promuje-program-tomasza-lisa.html","title":{"rendered":"TVP promuje program Tomasza Lisa"},"content":{"rendered":"<p>Kampania promocyjna potrwa do 29 lutego i obejmie backlighty, frontlighty i citilighty na terenie ca\u0142ego kraju. O nowym programie informowa\u0107 b\u0119dzie tak\u017ce spot reklamowy w Radiu Zet.<\/p>\n<p>Zakupem medi&oacute;w zaj\u0105\u0142 si\u0119 dom mediowy ZenithOptimedia, a przygotowaniem dzia\u0142a\u0144 Biuro Marketingu i Promocji TVP. Autorem kreacji jest Paralotna, wybrana spo\u015br&oacute;d 18 innych agencji. <\/p>\n<p>Program publicystyczny &quot;Tomasz Lis na \u017cywo&quot; emitowany b\u0119dzie na antenie TVP2 w poniedzia\u0142ki o godz. 21.10, od 25 lutego.<\/p>\n","protected":false},"excerpt":{"rendered":"W pi\u0105tek startuje kampania reklamowa, kt&oacute;ra ma promowa\u0107 program publicystyczny TVP2 &quot;Tomasz Lis na \u017cywo&quot;.","protected":false},"author":1,"featured_media":54031,"comment_status":"open","ping_status":"closed","sticky":false,"template":"","format":"standard","meta":{"csco_display_header_overlay":false,"csco_singular_sidebar":"","csco_page_header_type":"","csco_page_load_nextpost":"","csco_post_video_location":[],"csco_post_video_location_hash":"","csco_post_video_url":"","csco_post_video_bg_start_time":0,"csco_post_video_bg_end_time":0,"footnotes":""},"categories":[9670],"tags":[822,1193,610,250],"class_list":{"0":"post-54030","1":"post","2":"type-post","3":"status-publish","4":"format-standard","5":"has-post-thumbnail","7":"category-tv","8":"tag-paralotna","9":"tag-tomasz-lis","10":"tag-tvp2","11":"tag-zenithoptimedia","12":"cs-entry","13":"cs-video-wrap"},"_links":{"self":[{"href":"https:\/\/mediarun.com\/pl\/wp-json\/wp\/v2\/posts\/54030","targetHints":{"allow":["GET"]}}],"collection":[{"href":"https:\/\/mediarun.com\/pl\/wp-json\/wp\/v2\/posts"}],"about":[{"href":"https:\/\/mediarun.com\/pl\/wp-json\/wp\/v2\/types\/post"}],"author":[{"embeddable":true,"href":"https:\/\/mediarun.com\/pl\/wp-json\/wp\/v2\/users\/1"}],"replies":[{"embeddable":true,"href":"https:\/\/mediarun.com\/pl\/wp-json\/wp\/v2\/comments?post=54030"}],"version-history":[{"count":0,"href":"https:\/\/mediarun.com\/pl\/wp-json\/wp\/v2\/posts\/54030\/revisions"}],"wp:featuredmedia":[{"embeddable":true,"href":"https:\/\/mediarun.com\/pl\/wp-json\/wp\/v2\/media\/54031"}],"wp:attachment":[{"href":"https:\/\/mediarun.com\/pl\/wp-json\/wp\/v2\/media?parent=54030"}],"wp:term":[{"taxonomy":"category","embeddable":true,"href":"https:\/\/mediarun.com\/pl\/wp-json\/wp\/v2\/categories?post=54030"},{"taxonomy":"post_tag","embeddable":true,"href":"https:\/\/mediarun.com\/pl\/wp-json\/wp\/v2\/tags?post=54030"}],"curies":[{"name":"wp","href":"https:\/\/api.w.org\/{rel}","templated":true}]}}