{"id":54018,"date":"2008-02-15T12:40:18","date_gmt":"2008-02-15T11:40:18","guid":{"rendered":"https:\/\/mediarun.com\/index.php\/news-posts\/tvp1-nowe-odcinki-rancza-od-9-marca\/"},"modified":"2008-02-15T12:40:18","modified_gmt":"2008-02-15T11:40:18","slug":"tvp1-nowe-odcinki-rancza-od-9-marca","status":"publish","type":"post","link":"https:\/\/mediarun.com\/pl\/media\/tv\/tvp1-nowe-odcinki-rancza-od-9-marca.html","title":{"rendered":"TVP1: nowe odcinki &#8222;Rancza&#8221; od 9 marca"},"content":{"rendered":"<p>W trzeciej serii &quot;Rancza&quot; opr&oacute;cz Amerykanki, Cezarego \u017baka w podw&oacute;jnej roli W&oacute;jta i Plebana oraz pijaczk&oacute;w filozofuj\u0105cych na \u0142awce przed sklepem, pojawi\u0105 si\u0119 nowe postaci. <\/p>\n<p>&#8211; Najwi\u0119ksze poruszenie wywo\u0142a nowy wikary w Wilkowyjach. W tej roli zobaczymy Bartosza Kasprzykowskiego. Opr&oacute;cz niego w filmie zadebiutuje tak\u017ce Sylwia Gliwa, jako c&oacute;rka Wi\u0119c\u0142awskich, kt&oacute;rej w \u017cyciu zamiesza pewien Chi\u0144czyk &#8211; czytamy w materia\u0142ach TVP.<\/p>\n<p>Nowe odcinki &quot;Rancza&quot;, w re\u017cyserii Wojciecha Adamczyka, emitowane b\u0119d\u0105 na antenie TVP1 w niedziele o godz. 20.15, pocz\u0105wszy od 9 marca. Zdj\u0119cia do nich rozpocz\u0119\u0142y si\u0119 pod koniec sierpnia 2007 r. i zako\u0144czy\u0142y si\u0119 w po\u0142owie stycznia br.<\/p>\n<p>TVP1 &quot;Ranczo&quot; pokazuje od marca 2006 r.<\/p>\n","protected":false},"excerpt":{"rendered":"Od 9 marca na antenie TVP1 ogl\u0105da\u0107 b\u0119dzie mo\u017cna nowe odcinki serialu &quot;Ranczo&quot;.","protected":false},"author":1,"featured_media":54019,"comment_status":"open","ping_status":"closed","sticky":false,"template":"","format":"standard","meta":{"csco_display_header_overlay":false,"csco_singular_sidebar":"","csco_page_header_type":"","csco_page_load_nextpost":"","csco_post_video_location":[],"csco_post_video_location_hash":"","csco_post_video_url":"","csco_post_video_bg_start_time":0,"csco_post_video_bg_end_time":0,"footnotes":""},"categories":[9670],"tags":[1120,558],"class_list":{"0":"post-54018","1":"post","2":"type-post","3":"status-publish","4":"format-standard","5":"has-post-thumbnail","7":"category-tv","8":"tag-serial","9":"tag-tvp1","10":"cs-entry","11":"cs-video-wrap"},"_links":{"self":[{"href":"https:\/\/mediarun.com\/pl\/wp-json\/wp\/v2\/posts\/54018","targetHints":{"allow":["GET"]}}],"collection":[{"href":"https:\/\/mediarun.com\/pl\/wp-json\/wp\/v2\/posts"}],"about":[{"href":"https:\/\/mediarun.com\/pl\/wp-json\/wp\/v2\/types\/post"}],"author":[{"embeddable":true,"href":"https:\/\/mediarun.com\/pl\/wp-json\/wp\/v2\/users\/1"}],"replies":[{"embeddable":true,"href":"https:\/\/mediarun.com\/pl\/wp-json\/wp\/v2\/comments?post=54018"}],"version-history":[{"count":0,"href":"https:\/\/mediarun.com\/pl\/wp-json\/wp\/v2\/posts\/54018\/revisions"}],"wp:featuredmedia":[{"embeddable":true,"href":"https:\/\/mediarun.com\/pl\/wp-json\/wp\/v2\/media\/54019"}],"wp:attachment":[{"href":"https:\/\/mediarun.com\/pl\/wp-json\/wp\/v2\/media?parent=54018"}],"wp:term":[{"taxonomy":"category","embeddable":true,"href":"https:\/\/mediarun.com\/pl\/wp-json\/wp\/v2\/categories?post=54018"},{"taxonomy":"post_tag","embeddable":true,"href":"https:\/\/mediarun.com\/pl\/wp-json\/wp\/v2\/tags?post=54018"}],"curies":[{"name":"wp","href":"https:\/\/api.w.org\/{rel}","templated":true}]}}