{"id":53964,"date":"2008-02-18T11:35:55","date_gmt":"2008-02-18T10:35:55","guid":{"rendered":"https:\/\/mediarun.com\/index.php\/news-posts\/niedziela-dniem-wolnym-od-kuby\/"},"modified":"2008-02-18T11:35:55","modified_gmt":"2008-02-18T10:35:55","slug":"niedziela-dniem-wolnym-od-kuby","status":"publish","type":"post","link":"https:\/\/mediarun.com\/pl\/media\/tv\/niedziela-dniem-wolnym-od-kuby.html","title":{"rendered":"Niedziela dniem wolnym od Kuby"},"content":{"rendered":"<p>Jego show od marca b\u0119dzie nadawany we wtorek. Wojew&oacute;dzki twierdzi, \u017ce nie zale\u017cy mu na ogl\u0105dalno\u015bci, ma za co \u017cy\u0107, zanim odejdzie jak James Dean &#8211; szybko i efektownie.<\/p>\n<p>Kuba Wojew&oacute;dzki mi\u0142o wspomina dawne czasy, gdy jego niedzielny program ogl\u0105da\u0142o kilka milion&oacute;w widz&oacute;w. W poniedzia\u0142ki ludzie dyskutowali w pracy o tym, co si\u0119 dzia\u0142o w s\u0142ynnym show. W 2006 roku Wojew&oacute;dzki przeszed\u0142 z Polsatu do TVN, nie zmieniaj\u0105c dnia emisji swego programu. Teraz Edward Miszczak, dyrektor programowy TVN, przesun\u0105\u0142 show na wtorek. &#8211; Je\u017celi Edward wymy\u015bli, \u017ceby przenie\u015b\u0107 go na pi\u0105tek, to ja wtedy wymy\u015bl\u0119 sobie inn\u0105 robot\u0119 &#8211; m&oacute;wi Dziennikowi Kuba wojew&oacute;dzki.<\/p>\n<p>Wiadomo\u015b\u0107 o przesuni\u0119ciu programu w ram&oacute;wce nie wstrz\u0105sn\u0119\u0142a nim, gdy\u017c dowiedzia\u0142 si\u0119 o tym po urlopie na Jamajce, sk\u0105d wr&oacute;ci\u0142 pozytywnie nastawiony do \u017cycia. &#8211; A jak cz\u0142owiek wraca z Jamajki, to niedziela mo\u017ce by\u0107 i we wtorek. Lewatyw\u0119 z m&oacute;zgu mo\u017cna robi\u0107 ludziom ka\u017cdego dnia &#8211; m&oacute;wi showman.<\/p>\n<p>Kuba Wojew&oacute;dzki otrzyma\u0142 propozycj\u0119 udzia\u0142u w du\u017cym projekcie od wrze\u015bnia. Nie zdradza jednak szczeg&oacute;\u0142&oacute;w tego przedsi\u0119wzi\u0119cia. Czy wpasuje si\u0119 w gust widowni, kt&oacute;ra, jak sam twierdzi, jest w Polsce prza\u015bna i discopolowa? &#8211; Show-biznes u nas jest jak na wsi wesele. Tyle, \u017ce si\u0119 rzadziej bij\u0105 &#8211; m&oacute;wi Wojew&oacute;dzki.<\/p>\n","protected":false},"excerpt":{"rendered":"&#8211; Nie jestem ch\u0142opcem do w\u0119drowania po ram&oacute;wce &#8211; m&oacute;wi Dziennikowi Kuba Wojew&oacute;dzki.","protected":false},"author":1,"featured_media":53965,"comment_status":"open","ping_status":"closed","sticky":false,"template":"","format":"standard","meta":{"csco_display_header_overlay":false,"csco_singular_sidebar":"","csco_page_header_type":"","csco_page_load_nextpost":"","csco_post_video_location":[],"csco_post_video_location_hash":"","csco_post_video_url":"","csco_post_video_bg_start_time":0,"csco_post_video_bg_end_time":0,"footnotes":""},"categories":[9670],"tags":[588,98],"class_list":{"0":"post-53964","1":"post","2":"type-post","3":"status-publish","4":"format-standard","5":"has-post-thumbnail","7":"category-tv","8":"tag-kuba-wojewodzki","9":"tag-tvn","10":"cs-entry","11":"cs-video-wrap"},"_links":{"self":[{"href":"https:\/\/mediarun.com\/pl\/wp-json\/wp\/v2\/posts\/53964","targetHints":{"allow":["GET"]}}],"collection":[{"href":"https:\/\/mediarun.com\/pl\/wp-json\/wp\/v2\/posts"}],"about":[{"href":"https:\/\/mediarun.com\/pl\/wp-json\/wp\/v2\/types\/post"}],"author":[{"embeddable":true,"href":"https:\/\/mediarun.com\/pl\/wp-json\/wp\/v2\/users\/1"}],"replies":[{"embeddable":true,"href":"https:\/\/mediarun.com\/pl\/wp-json\/wp\/v2\/comments?post=53964"}],"version-history":[{"count":0,"href":"https:\/\/mediarun.com\/pl\/wp-json\/wp\/v2\/posts\/53964\/revisions"}],"wp:featuredmedia":[{"embeddable":true,"href":"https:\/\/mediarun.com\/pl\/wp-json\/wp\/v2\/media\/53965"}],"wp:attachment":[{"href":"https:\/\/mediarun.com\/pl\/wp-json\/wp\/v2\/media?parent=53964"}],"wp:term":[{"taxonomy":"category","embeddable":true,"href":"https:\/\/mediarun.com\/pl\/wp-json\/wp\/v2\/categories?post=53964"},{"taxonomy":"post_tag","embeddable":true,"href":"https:\/\/mediarun.com\/pl\/wp-json\/wp\/v2\/tags?post=53964"}],"curies":[{"name":"wp","href":"https:\/\/api.w.org\/{rel}","templated":true}]}}