{"id":53249,"date":"2008-03-06T23:44:11","date_gmt":"2008-03-06T22:44:11","guid":{"rendered":"https:\/\/mediarun.com\/index.php\/news-posts\/nagrody-im-d-fikusa-dla-szczeplka-i-sufina\/"},"modified":"2008-03-06T23:44:11","modified_gmt":"2008-03-06T22:44:11","slug":"nagrody-im-d-fikusa-dla-szczeplka-i-sufina","status":"publish","type":"post","link":"https:\/\/mediarun.com\/pl\/media\/prasa\/nagrody-im-d-fikusa-dla-szczeplka-i-sufina.html","title":{"rendered":"Nagrody im. D. Fikusa dla Szczep\u0142ka i Sufina"},"content":{"rendered":"<p>Stefana Szczep\u0142ka wyr&oacute;\u017cniono w kategorii tw&oacute;rca w mediach. Kub\u0119 Sufina uznano za najlepszego tw&oacute;rc\u0119 medi&oacute;w.<\/p>\n<p>Szczep\u0142ek obecnie jest dziennikarzem sportowym Rzeczpospolitej, z kt&oacute;r\u0105 zwi\u0105zany jest od 1999 r. Wcze\u015bniej pracowa\u0142 m.in. w TVP i tygodniku Pi\u0142ka No\u017cna.<\/p>\n<p>Sufin kieruje portalem internetowym tvn24.pl. Dawniej by\u0142 m.in. szefem &quot;Panoramy&quot; w TVP2.<\/p>\n<p>Nagrody im. Dariusza Fikusa przyznano po raz 11.<\/p>\n","protected":false},"excerpt":{"rendered":"Stefan Szczep\u0142ek z Rzeczpospolitej i szef portalu tvn24.pl Jakub Sufin zostali laureatami tegorocznej edycji nagrody im. Dariusza Fikusa.","protected":false},"author":1,"featured_media":53250,"comment_status":"open","ping_status":"closed","sticky":false,"template":"","format":"standard","meta":{"csco_display_header_overlay":false,"csco_singular_sidebar":"","csco_page_header_type":"","csco_page_load_nextpost":"","csco_post_video_location":[],"csco_post_video_location_hash":"","csco_post_video_url":"","csco_post_video_bg_start_time":0,"csco_post_video_bg_end_time":0,"footnotes":""},"categories":[9673],"tags":[],"class_list":{"0":"post-53249","1":"post","2":"type-post","3":"status-publish","4":"format-standard","5":"has-post-thumbnail","7":"category-prasa","8":"cs-entry","9":"cs-video-wrap"},"_links":{"self":[{"href":"https:\/\/mediarun.com\/pl\/wp-json\/wp\/v2\/posts\/53249","targetHints":{"allow":["GET"]}}],"collection":[{"href":"https:\/\/mediarun.com\/pl\/wp-json\/wp\/v2\/posts"}],"about":[{"href":"https:\/\/mediarun.com\/pl\/wp-json\/wp\/v2\/types\/post"}],"author":[{"embeddable":true,"href":"https:\/\/mediarun.com\/pl\/wp-json\/wp\/v2\/users\/1"}],"replies":[{"embeddable":true,"href":"https:\/\/mediarun.com\/pl\/wp-json\/wp\/v2\/comments?post=53249"}],"version-history":[{"count":0,"href":"https:\/\/mediarun.com\/pl\/wp-json\/wp\/v2\/posts\/53249\/revisions"}],"wp:featuredmedia":[{"embeddable":true,"href":"https:\/\/mediarun.com\/pl\/wp-json\/wp\/v2\/media\/53250"}],"wp:attachment":[{"href":"https:\/\/mediarun.com\/pl\/wp-json\/wp\/v2\/media?parent=53249"}],"wp:term":[{"taxonomy":"category","embeddable":true,"href":"https:\/\/mediarun.com\/pl\/wp-json\/wp\/v2\/categories?post=53249"},{"taxonomy":"post_tag","embeddable":true,"href":"https:\/\/mediarun.com\/pl\/wp-json\/wp\/v2\/tags?post=53249"}],"curies":[{"name":"wp","href":"https:\/\/api.w.org\/{rel}","templated":true}]}}