{"id":53237,"date":"2008-03-07T11:26:37","date_gmt":"2008-03-07T10:26:37","guid":{"rendered":"https:\/\/mediarun.com\/index.php\/news-posts\/ekstraliga-zuzlowa-w-tvp\/"},"modified":"2008-03-07T11:26:37","modified_gmt":"2008-03-07T10:26:37","slug":"ekstraliga-zuzlowa-w-tvp","status":"publish","type":"post","link":"https:\/\/mediarun.com\/pl\/media\/tv\/ekstraliga-zuzlowa-w-tvp.html","title":{"rendered":"Ekstraliga \u017cu\u017clowa w TVP"},"content":{"rendered":"<p>Retransmisja drugiego meczu ma pojawia\u0107 si\u0119 w poniedzia\u0142ki. W TVP Info zobaczy\u0107 b\u0119dzie mo\u017cna na \u017cywo 5 spotka\u0144, w tym cztery fina\u0142owe, a tak\u017ce retransmisje i powt&oacute;rki magazyn&oacute;w. <\/p>\n<p>\u017bu\u017cel go\u015bci\u0142 b\u0119dzie r&oacute;wnie\u017c w pasmach w\u0142asnych oddzia\u0142&oacute;w terenowych TVP (transmisje lub retransmisje). <\/p>\n<p>TVP Sport emitowa\u0107 b\u0119dzie te\u017c magazyn \u017cu\u017clowy &quot;Wok&oacute;\u0142 toru&quot; w poniedzia\u0142ki o godz. 21.30. Za przygotowanie magazynu odpowiedzialni b\u0119d\u0105: Sylwia Dekiert, Eryk Me\u0142gwa i Artur Kowalski. <\/p>\n","protected":false},"excerpt":{"rendered":"Telewizja Polska naby\u0142a prawa do pokazywania ekstraligi \u017cu\u017clowej.&nbsp;G\u0142&oacute;wne transmisje na \u017cywo ogl\u0105da\u0107 b\u0119d\u0105 mogli widzowie TVP Sport w niedziele.&nbsp;","protected":false},"author":1,"featured_media":53238,"comment_status":"open","ping_status":"closed","sticky":false,"template":"","format":"standard","meta":{"csco_display_header_overlay":false,"csco_singular_sidebar":"","csco_page_header_type":"","csco_page_load_nextpost":"","csco_post_video_location":[],"csco_post_video_location_hash":"","csco_post_video_url":"","csco_post_video_bg_start_time":0,"csco_post_video_bg_end_time":0,"footnotes":""},"categories":[9670],"tags":[392],"class_list":{"0":"post-53237","1":"post","2":"type-post","3":"status-publish","4":"format-standard","5":"has-post-thumbnail","7":"category-tv","8":"tag-tvp","9":"cs-entry","10":"cs-video-wrap"},"_links":{"self":[{"href":"https:\/\/mediarun.com\/pl\/wp-json\/wp\/v2\/posts\/53237","targetHints":{"allow":["GET"]}}],"collection":[{"href":"https:\/\/mediarun.com\/pl\/wp-json\/wp\/v2\/posts"}],"about":[{"href":"https:\/\/mediarun.com\/pl\/wp-json\/wp\/v2\/types\/post"}],"author":[{"embeddable":true,"href":"https:\/\/mediarun.com\/pl\/wp-json\/wp\/v2\/users\/1"}],"replies":[{"embeddable":true,"href":"https:\/\/mediarun.com\/pl\/wp-json\/wp\/v2\/comments?post=53237"}],"version-history":[{"count":0,"href":"https:\/\/mediarun.com\/pl\/wp-json\/wp\/v2\/posts\/53237\/revisions"}],"wp:featuredmedia":[{"embeddable":true,"href":"https:\/\/mediarun.com\/pl\/wp-json\/wp\/v2\/media\/53238"}],"wp:attachment":[{"href":"https:\/\/mediarun.com\/pl\/wp-json\/wp\/v2\/media?parent=53237"}],"wp:term":[{"taxonomy":"category","embeddable":true,"href":"https:\/\/mediarun.com\/pl\/wp-json\/wp\/v2\/categories?post=53237"},{"taxonomy":"post_tag","embeddable":true,"href":"https:\/\/mediarun.com\/pl\/wp-json\/wp\/v2\/tags?post=53237"}],"curies":[{"name":"wp","href":"https:\/\/api.w.org\/{rel}","templated":true}]}}