{"id":53219,"date":"2008-03-07T14:13:09","date_gmt":"2008-03-07T13:13:09","guid":{"rendered":"https:\/\/mediarun.com\/index.php\/news-posts\/tvp-co-dalej-z-raczynska\/"},"modified":"2008-03-07T14:13:09","modified_gmt":"2008-03-07T13:13:09","slug":"tvp-co-dalej-z-raczynska","status":"publish","type":"post","link":"https:\/\/mediarun.com\/pl\/media\/tv\/tvp-co-dalej-z-raczynska.html","title":{"rendered":"TVP: co dalej z Raczy\u0144sk\u0105?"},"content":{"rendered":"<p>Andrzej Urba\u0144ski odwo\u0142a\u0142 Ma\u0142gorzat\u0119 Raczy\u0144sk\u0105 w \u015brod\u0119. Dodaje, \u017ce zarz\u0105d Telewizji Polskiej &quot;wysoko ocenia osobiste zaanga\u017cowanie, entuzjazm i ogromny wysi\u0142ek w\u0142o\u017cony przez dyrektor Raczy\u0144sk\u0105 w kierowanie Jedynk\u0105&quot;.<\/p>\n<p>Aneta Wrona, rzecznik prasowy TVP, informuje, \u017ce prezes TVP &quot;zadeklarowa\u0142 ch\u0119\u0107 dalszej wsp&oacute;\u0142pracy&quot; z Ma\u0142gorzat\u0105 Raczy\u0144sk\u0105. Rozpocz\u0119\u0142y si\u0119 ju\u017c rozmowy dotycz\u0105ce jej formu\u0142y. Wrona nie ujawnia, kto zast\u0105pi Raczy\u0144sk\u0105 na stanowisku dyrektora TVP1.<\/p>\n<p>Ma\u0142gorzata Raczy\u0144ska telewizyjn\u0105 Jedynk\u0105 kierowa\u0142a od czerwca 2006 r. Wcze\u015bniej by\u0142a m.in. korespondentem TVP w Bonn. Pracowa\u0142a r&oacute;wnie\u017c w sekcji polskiej Radia Wolna Europa w Monachium i Nowym Jorku.<\/p>\n","protected":false},"excerpt":{"rendered":"Prezes TVP Andrzej Urba\u0144ski chce nadal wsp&oacute;\u0142pracowa\u0107 z Ma\u0142gorzat\u0105 Raczy\u0144sk\u0105, kt&oacute;r\u0105 odwo\u0142a\u0142 ze stanowiska dyrektora TVP1.","protected":false},"author":1,"featured_media":53220,"comment_status":"open","ping_status":"closed","sticky":false,"template":"","format":"standard","meta":{"csco_display_header_overlay":false,"csco_singular_sidebar":"","csco_page_header_type":"","csco_page_load_nextpost":"","csco_post_video_location":[],"csco_post_video_location_hash":"","csco_post_video_url":"","csco_post_video_bg_start_time":0,"csco_post_video_bg_end_time":0,"footnotes":""},"categories":[9670],"tags":[392,558],"class_list":{"0":"post-53219","1":"post","2":"type-post","3":"status-publish","4":"format-standard","5":"has-post-thumbnail","7":"category-tv","8":"tag-tvp","9":"tag-tvp1","10":"cs-entry","11":"cs-video-wrap"},"_links":{"self":[{"href":"https:\/\/mediarun.com\/pl\/wp-json\/wp\/v2\/posts\/53219","targetHints":{"allow":["GET"]}}],"collection":[{"href":"https:\/\/mediarun.com\/pl\/wp-json\/wp\/v2\/posts"}],"about":[{"href":"https:\/\/mediarun.com\/pl\/wp-json\/wp\/v2\/types\/post"}],"author":[{"embeddable":true,"href":"https:\/\/mediarun.com\/pl\/wp-json\/wp\/v2\/users\/1"}],"replies":[{"embeddable":true,"href":"https:\/\/mediarun.com\/pl\/wp-json\/wp\/v2\/comments?post=53219"}],"version-history":[{"count":0,"href":"https:\/\/mediarun.com\/pl\/wp-json\/wp\/v2\/posts\/53219\/revisions"}],"wp:featuredmedia":[{"embeddable":true,"href":"https:\/\/mediarun.com\/pl\/wp-json\/wp\/v2\/media\/53220"}],"wp:attachment":[{"href":"https:\/\/mediarun.com\/pl\/wp-json\/wp\/v2\/media?parent=53219"}],"wp:term":[{"taxonomy":"category","embeddable":true,"href":"https:\/\/mediarun.com\/pl\/wp-json\/wp\/v2\/categories?post=53219"},{"taxonomy":"post_tag","embeddable":true,"href":"https:\/\/mediarun.com\/pl\/wp-json\/wp\/v2\/tags?post=53219"}],"curies":[{"name":"wp","href":"https:\/\/api.w.org\/{rel}","templated":true}]}}