{"id":53152,"date":"2008-03-10T14:09:46","date_gmt":"2008-03-10T13:09:46","guid":{"rendered":"https:\/\/mediarun.com\/index.php\/news-posts\/polacy-wyroznieni-w-swiatowym-publicis\/"},"modified":"2008-03-10T14:09:46","modified_gmt":"2008-03-10T13:09:46","slug":"polacy-wyroznieni-w-swiatowym-publicis","status":"publish","type":"post","link":"https:\/\/mediarun.com\/pl\/ludzie\/awanse\/polacy-wyroznieni-w-swiatowym-publicis.html","title":{"rendered":"Polacy wyr\u00f3\u017cnieni w \u015bwiatowym Publicis"},"content":{"rendered":"<div>Jednocze\u015bnie El\u017cbieta Ochocka, g\u0142&oacute;wna ksi\u0119gowa Publicis zosta\u0142a mianowana CFO CEE, czyli dyrektorem finansowym Publicis na Europ\u0119 Centraln\u0105 i Wschodni\u0105.<\/div>\n<div><\/div>\n<div>Zadaniem Publicis Worldwide Management Board, jak oficjalnie nazywa si\u0119 nowy zesp&oacute;\u0142, jest zapewnienie i utrzymywanie optymalnej komunikacji mi\u0119dzy central\u0105 Publicis Worldwide, a wszystkimi pa\u0144stwami, w kt&oacute;rych dzia\u0142a Publicis.&nbsp;<\/div>\n<div><\/div>\n<div>Zesp&oacute;\u0142 zarz\u0105dzaj\u0105cy b\u0119dzie spotyka\u0107 sie trzy lub cztery razy do roku. B\u0119dzie to forum wymiany informacji, koncepcji i pomys\u0142&oacute;w, kt&oacute;re maj\u0105 podnie\u015b\u0107 na jeszcze wy\u017cszy poziom us\u0142ugi, jakie Publicis oferuje swoim klientom.&nbsp;<\/div>\n","protected":false},"excerpt":{"rendered":"Tomasz Pawlikowski, dyrektor regionalny Publicis na Europ\u0119 Centraln\u0105 i Wschodni\u0105, zosta\u0142 cz\u0142onkiem nowo utworzonego zespo\u0142u zarz\u0105dzaj\u0105cego Publicis Worldwide.","protected":false},"author":1,"featured_media":53153,"comment_status":"open","ping_status":"closed","sticky":false,"template":"","format":"standard","meta":{"csco_display_header_overlay":false,"csco_singular_sidebar":"","csco_page_header_type":"","csco_page_load_nextpost":"","csco_post_video_location":[],"csco_post_video_location_hash":"","csco_post_video_url":"","csco_post_video_bg_start_time":0,"csco_post_video_bg_end_time":0,"footnotes":""},"categories":[9678],"tags":[52],"class_list":{"0":"post-53152","1":"post","2":"type-post","3":"status-publish","4":"format-standard","5":"has-post-thumbnail","7":"category-awanse","8":"tag-publicis","9":"cs-entry","10":"cs-video-wrap"},"_links":{"self":[{"href":"https:\/\/mediarun.com\/pl\/wp-json\/wp\/v2\/posts\/53152","targetHints":{"allow":["GET"]}}],"collection":[{"href":"https:\/\/mediarun.com\/pl\/wp-json\/wp\/v2\/posts"}],"about":[{"href":"https:\/\/mediarun.com\/pl\/wp-json\/wp\/v2\/types\/post"}],"author":[{"embeddable":true,"href":"https:\/\/mediarun.com\/pl\/wp-json\/wp\/v2\/users\/1"}],"replies":[{"embeddable":true,"href":"https:\/\/mediarun.com\/pl\/wp-json\/wp\/v2\/comments?post=53152"}],"version-history":[{"count":0,"href":"https:\/\/mediarun.com\/pl\/wp-json\/wp\/v2\/posts\/53152\/revisions"}],"wp:featuredmedia":[{"embeddable":true,"href":"https:\/\/mediarun.com\/pl\/wp-json\/wp\/v2\/media\/53153"}],"wp:attachment":[{"href":"https:\/\/mediarun.com\/pl\/wp-json\/wp\/v2\/media?parent=53152"}],"wp:term":[{"taxonomy":"category","embeddable":true,"href":"https:\/\/mediarun.com\/pl\/wp-json\/wp\/v2\/categories?post=53152"},{"taxonomy":"post_tag","embeddable":true,"href":"https:\/\/mediarun.com\/pl\/wp-json\/wp\/v2\/tags?post=53152"}],"curies":[{"name":"wp","href":"https:\/\/api.w.org\/{rel}","templated":true}]}}