{"id":53053,"date":"2008-03-12T15:52:11","date_gmt":"2008-03-12T14:52:11","guid":{"rendered":"https:\/\/mediarun.com\/index.php\/news-posts\/pierwszy-etap-grandfront-2007-zakonczony\/"},"modified":"2008-03-12T15:52:11","modified_gmt":"2008-03-12T14:52:11","slug":"pierwszy-etap-grandfront-2007-zakonczony","status":"publish","type":"post","link":"https:\/\/mediarun.com\/pl\/media\/prasa\/pierwszy-etap-grandfront-2007-zakonczony.html","title":{"rendered":"Pierwszy etap GrandFront 2007 zako\u0144czony"},"content":{"rendered":"<p>W konkursie zostan\u0105 wybrane najlepsza ok\u0142adka czasopisma oraz najlepsza strona tytu\u0142owa gazety, opublikowane w 2007 roku. W GrandFront bior\u0105 udzia\u0142 redakcje, kt&oacute;rych tytu\u0142y zgodnie z dat\u0105 wydawnicz\u0105 ukaza\u0142y si\u0119 w 2007 roku, s\u0105 wydawane w Polsce, posiadaj\u0105 w\u0142asny numer ISSN i s\u0105 samodzielnie dystrybuowane.<\/p>\n<p>Ok\u0142adki zg\u0142oszone do konkursu rywalizuj\u0105 w grupie gazet (w trzech kategoriach: gazet og&oacute;lnokrajowych, gazet regionalnych, czasopism i gazet lokalnych) oraz w grupie czasopism (w pi\u0119ciu kategoriach: czasopism opinii, magazyn&oacute;w wielotematycznych, popularnych czasopism kobiecych, czasopism hobbystycznych i czasopism bran\u017cowych).<\/p>\n<p>W sk\u0142ad jury wchodz\u0105 dziennikarze, dyrektorzy artystyczni redakcji, graficy prasowi, fotograficy, wydawcy oraz przedstawiciele uczelni plastycznych. B\u0119d\u0105 ocenia\u0107 zg\u0142oszone prace, kieruj\u0105c si\u0119 kryteriami sp&oacute;jno\u015bci przekazu wizualnego i merytorycznego, poziomu realizacji graficznej oraz zgodno\u015bci stylistycznej z charakterem tytu\u0142u.<\/p>\n<p>Konkurs zostanie rozstrzygni\u0119ty 24 kwietnia 2008 roku, podczas uroczystej gali fina\u0142owej na Zamku Kr&oacute;lewskim w Warszawie. W tym roku jury oraz organizatorzy przyznaj\u0105 dodatkow\u0105 nagrod\u0119 ArtFront, za szczeg&oacute;lne osi\u0105gni\u0119cia edytorskie i artystyczne.<\/p>\n<p>Nagrodzone ok\u0142adki zostan\u0105 zaprezentowane na wystawie pokonkursowej otwartej dla publiczno\u015bci na Zamku Kr&oacute;lewskim w Warszawie oraz w salonach sieci Empik.<\/p>\n","protected":false},"excerpt":{"rendered":"Do tegorocznej, sz&oacute;stej edycji konkursu GrandFront zg\u0142oszono 357 ok\u0142adek. 7 marca odby\u0142o si\u0119 pierwsze posiedzenie jury.","protected":false},"author":1,"featured_media":53054,"comment_status":"open","ping_status":"closed","sticky":false,"template":"","format":"standard","meta":{"csco_display_header_overlay":false,"csco_singular_sidebar":"","csco_page_header_type":"","csco_page_load_nextpost":"","csco_post_video_location":[],"csco_post_video_location_hash":"","csco_post_video_url":"","csco_post_video_bg_start_time":0,"csco_post_video_bg_end_time":0,"footnotes":""},"categories":[9673],"tags":[404],"class_list":{"0":"post-53053","1":"post","2":"type-post","3":"status-publish","4":"format-standard","5":"has-post-thumbnail","7":"category-prasa","8":"tag-grandfront","9":"cs-entry","10":"cs-video-wrap"},"_links":{"self":[{"href":"https:\/\/mediarun.com\/pl\/wp-json\/wp\/v2\/posts\/53053","targetHints":{"allow":["GET"]}}],"collection":[{"href":"https:\/\/mediarun.com\/pl\/wp-json\/wp\/v2\/posts"}],"about":[{"href":"https:\/\/mediarun.com\/pl\/wp-json\/wp\/v2\/types\/post"}],"author":[{"embeddable":true,"href":"https:\/\/mediarun.com\/pl\/wp-json\/wp\/v2\/users\/1"}],"replies":[{"embeddable":true,"href":"https:\/\/mediarun.com\/pl\/wp-json\/wp\/v2\/comments?post=53053"}],"version-history":[{"count":0,"href":"https:\/\/mediarun.com\/pl\/wp-json\/wp\/v2\/posts\/53053\/revisions"}],"wp:featuredmedia":[{"embeddable":true,"href":"https:\/\/mediarun.com\/pl\/wp-json\/wp\/v2\/media\/53054"}],"wp:attachment":[{"href":"https:\/\/mediarun.com\/pl\/wp-json\/wp\/v2\/media?parent=53053"}],"wp:term":[{"taxonomy":"category","embeddable":true,"href":"https:\/\/mediarun.com\/pl\/wp-json\/wp\/v2\/categories?post=53053"},{"taxonomy":"post_tag","embeddable":true,"href":"https:\/\/mediarun.com\/pl\/wp-json\/wp\/v2\/tags?post=53053"}],"curies":[{"name":"wp","href":"https:\/\/api.w.org\/{rel}","templated":true}]}}