{"id":53045,"date":"2008-03-12T16:49:02","date_gmt":"2008-03-12T15:49:02","guid":{"rendered":"https:\/\/mediarun.com\/index.php\/news-posts\/omnicom-media-group-powieksza-zespol\/"},"modified":"2008-03-12T16:49:02","modified_gmt":"2008-03-12T15:49:02","slug":"omnicom-media-group-powieksza-zespol","status":"publish","type":"post","link":"https:\/\/mediarun.com\/pl\/ludzie\/awanse\/omnicom-media-group-powieksza-zespol.html","title":{"rendered":"Omnicom Media Group powi\u0119ksza zesp\u00f3\u0142"},"content":{"rendered":"<p>Piotr Omielczenko obj\u0105\u0142 stanowisko account managera, do\u0142\u0105czaj\u0105c do zespo\u0142u PHD obs\u0142uguj\u0105cego marki Unilever. Dotychczas pracowa\u0142 w domu mediowym Carat, a wcze\u015bniej w Star Media.<\/p>\n<p>Monika Bednarska b\u0119dzie pe\u0142ni\u0142a funkcj\u0119 media plannera w zesp&oacute;le domu mediowego easymedia. Bednarska zdobywa\u0142a do\u015bwiadczenie w CR Media.<\/p>\n<p>Arkadiusz Miego\u0144 obj\u0105\u0142 stanowisko media plannera w OMG Digital. Wcze\u015bniej pracowa\u0142 w Plasma Media. Pawe\u0142 Wolski do\u0142\u0105czy\u0142 do OMG Digital, jako junior media planner. Do tej pory pracowa\u0142 w MindShare.<\/p>\n<p>Emilia Wilamowska oraz Piotr Gieryszewski w Optimum Media OMD awansowali na stanowiska media planner&oacute;w po zdaniu wewn\u0119trznego egzaminu OMG, warunkuj\u0105cego awans.<\/p>\n","protected":false},"excerpt":{"rendered":"Nowi pracownicy zostali przyj\u0119ci do dom&oacute;w mediowych PHD, Easymedia oraz do dzia\u0142u internetowego OMG Digital. Awansowa\u0142y osoby w Optimum Media OMD.","protected":false},"author":1,"featured_media":53046,"comment_status":"open","ping_status":"closed","sticky":false,"template":"","format":"standard","meta":{"csco_display_header_overlay":false,"csco_singular_sidebar":"","csco_page_header_type":"","csco_page_load_nextpost":"","csco_post_video_location":[],"csco_post_video_location_hash":"","csco_post_video_url":"","csco_post_video_bg_start_time":0,"csco_post_video_bg_end_time":0,"footnotes":""},"categories":[9678],"tags":[1586],"class_list":{"0":"post-53045","1":"post","2":"type-post","3":"status-publish","4":"format-standard","5":"has-post-thumbnail","7":"category-awanse","8":"tag-omnicom-media-group","9":"cs-entry","10":"cs-video-wrap"},"_links":{"self":[{"href":"https:\/\/mediarun.com\/pl\/wp-json\/wp\/v2\/posts\/53045","targetHints":{"allow":["GET"]}}],"collection":[{"href":"https:\/\/mediarun.com\/pl\/wp-json\/wp\/v2\/posts"}],"about":[{"href":"https:\/\/mediarun.com\/pl\/wp-json\/wp\/v2\/types\/post"}],"author":[{"embeddable":true,"href":"https:\/\/mediarun.com\/pl\/wp-json\/wp\/v2\/users\/1"}],"replies":[{"embeddable":true,"href":"https:\/\/mediarun.com\/pl\/wp-json\/wp\/v2\/comments?post=53045"}],"version-history":[{"count":0,"href":"https:\/\/mediarun.com\/pl\/wp-json\/wp\/v2\/posts\/53045\/revisions"}],"wp:featuredmedia":[{"embeddable":true,"href":"https:\/\/mediarun.com\/pl\/wp-json\/wp\/v2\/media\/53046"}],"wp:attachment":[{"href":"https:\/\/mediarun.com\/pl\/wp-json\/wp\/v2\/media?parent=53045"}],"wp:term":[{"taxonomy":"category","embeddable":true,"href":"https:\/\/mediarun.com\/pl\/wp-json\/wp\/v2\/categories?post=53045"},{"taxonomy":"post_tag","embeddable":true,"href":"https:\/\/mediarun.com\/pl\/wp-json\/wp\/v2\/tags?post=53045"}],"curies":[{"name":"wp","href":"https:\/\/api.w.org\/{rel}","templated":true}]}}