{"id":53043,"date":"2008-03-12T20:35:05","date_gmt":"2008-03-12T19:35:05","guid":{"rendered":"https:\/\/mediarun.com\/index.php\/news-posts\/pr-polski-wciaz-najpopularniejszy\/"},"modified":"2008-03-12T20:35:05","modified_gmt":"2008-03-12T19:35:05","slug":"pr-polski-wciaz-najpopularniejszy","status":"publish","type":"post","link":"https:\/\/mediarun.com\/pl\/marketing\/pr\/pr-polski-wciaz-najpopularniejszy.html","title":{"rendered":"PR Polski wci\u0105\u017c najpopularniejszy"},"content":{"rendered":"<p>po raz kolejny by\u0142 to najcz\u0119\u015bciej poruszany temat w publikacjach dotycz\u0105cych public relations.<\/p>\n<p>Raport opracowano na podstawie 219 publikacji z bran\u017cy PR, jakie pojawi\u0142y si\u0119 w ubieg\u0142ym miesi\u0105cu. Stanowi to o 9 publikacji wi\u0119cej, ni\u017c w rekordowym pod tym wzgl\u0119dem listopadzie 2007 r.<\/p>\n<p>Podobnie, jak pod koniec ub. roku, zagadnieniem ciesz\u0105cym si\u0119 najwi\u0119kszym zainteresowaniem jest PR Polski. Po\u015bwi\u0119cono mu a\u017c 94 publikacje. Co istotne, poniewa\u017c temat ten porusza\u0142y w du\u017cej mierze media lokalne, w sumie liczba opublikowanych artyku\u0142&oacute;w wynios\u0142a 128. <\/p>\n<p>Na drugim miejscu pod wzgl\u0119dem popularno\u015bci znalaz\u0142a si\u0119 bran\u017ca PR (64 informacje). W przypadku publikacji zar&oacute;wno na temat samej bran\u017cy, jak i PR-u Polski, w mediach dominowa\u0142 neutralny ton wypowiedzi. Ani jednej pozytywnej oceny nie otrzyma\u0142 PR polityczny, kt&oacute;ry uplasowa\u0142 si\u0119 na trzecim miejscu w raporcie. Na jego temat ukaza\u0142o si\u0119 po 14 artyku\u0142&oacute;w neutralnych i negatywnych.<\/p>\n<p>W tekstach najcz\u0119\u015bciej powo\u0142ywano si\u0119 na ZFPR (6 wzmianek), a tak\u017ce na IMM, Polsk\u0105 Organizacj\u0119 Turystyczn\u0105 i PRoto (4 wzmianki). W\u015br&oacute;d najch\u0119tniej cytowanych os&oacute;b znalaz\u0142 si\u0119 Mateusz Zmy\u015blony z Grupy Eskadra, kt&oacute;rego s\u0142owa przytaczano a\u017c pi\u0119ciokrotnie. Czterokrotnie cytowano Piotra Czarnowskiego (First PR), Norberta Kilena (On Board PR) i Ann\u0119 Proszowsk\u0105-Sal\u0119 (Grupa Str&ouml;er).<\/p>\n<p>Pe\u0142na wersja raportu dost\u0119pna jest na stronie www.proto.pl\/raport_proto.<\/p>\n","protected":false},"excerpt":{"rendered":"PR Polski nie przestaje by\u0107 przedmiotem najwi\u0119kszego zainteresowania. Jak wynika z ostatniego raportu PRoto, w lutym&#8230;","protected":false},"author":1,"featured_media":53044,"comment_status":"open","ping_status":"closed","sticky":false,"template":"","format":"standard","meta":{"csco_display_header_overlay":false,"csco_singular_sidebar":"","csco_page_header_type":"","csco_page_load_nextpost":"","csco_post_video_location":[],"csco_post_video_location_hash":"","csco_post_video_url":"","csco_post_video_bg_start_time":0,"csco_post_video_bg_end_time":0,"footnotes":""},"categories":[9648],"tags":[1682],"class_list":{"0":"post-53043","1":"post","2":"type-post","3":"status-publish","4":"format-standard","5":"has-post-thumbnail","7":"category-pr","8":"tag-proto","9":"cs-entry","10":"cs-video-wrap"},"_links":{"self":[{"href":"https:\/\/mediarun.com\/pl\/wp-json\/wp\/v2\/posts\/53043","targetHints":{"allow":["GET"]}}],"collection":[{"href":"https:\/\/mediarun.com\/pl\/wp-json\/wp\/v2\/posts"}],"about":[{"href":"https:\/\/mediarun.com\/pl\/wp-json\/wp\/v2\/types\/post"}],"author":[{"embeddable":true,"href":"https:\/\/mediarun.com\/pl\/wp-json\/wp\/v2\/users\/1"}],"replies":[{"embeddable":true,"href":"https:\/\/mediarun.com\/pl\/wp-json\/wp\/v2\/comments?post=53043"}],"version-history":[{"count":0,"href":"https:\/\/mediarun.com\/pl\/wp-json\/wp\/v2\/posts\/53043\/revisions"}],"wp:featuredmedia":[{"embeddable":true,"href":"https:\/\/mediarun.com\/pl\/wp-json\/wp\/v2\/media\/53044"}],"wp:attachment":[{"href":"https:\/\/mediarun.com\/pl\/wp-json\/wp\/v2\/media?parent=53043"}],"wp:term":[{"taxonomy":"category","embeddable":true,"href":"https:\/\/mediarun.com\/pl\/wp-json\/wp\/v2\/categories?post=53043"},{"taxonomy":"post_tag","embeddable":true,"href":"https:\/\/mediarun.com\/pl\/wp-json\/wp\/v2\/tags?post=53043"}],"curies":[{"name":"wp","href":"https:\/\/api.w.org\/{rel}","templated":true}]}}