{"id":53014,"date":"2008-03-13T14:14:53","date_gmt":"2008-03-13T13:14:53","guid":{"rendered":"https:\/\/mediarun.com\/index.php\/news-posts\/krzysztof-rak-pokieruje-wiadomosciami\/"},"modified":"2008-03-13T14:14:53","modified_gmt":"2008-03-13T13:14:53","slug":"krzysztof-rak-pokieruje-wiadomosciami","status":"publish","type":"post","link":"https:\/\/mediarun.com\/pl\/media\/tv\/krzysztof-rak-pokieruje-wiadomosciami.html","title":{"rendered":"Krzysztof Rak pokieruje &#8222;Wiadomo\u015bciami&#8221;"},"content":{"rendered":"<p>Krzysztof Rak dotychczas by\u0142 g\u0142&oacute;wnym specjalist\u0105 ds. wsp&oacute;\u0142pracy z zagranic\u0105 w Agencji Informacji Telewizji Polskiej. Swoje teksty publikowa\u0142 m.in. w \u017byciu, Rzeczpospolitej i Die Welt. Wcze\u015bniej pe\u0142ni\u0142 funkcj\u0119 m.in. rzecznika prasowego Pa\u0144stwowej Wytw&oacute;rni Papier&oacute;w Warto\u015bciowych. <\/p>\n","protected":false},"excerpt":{"rendered":"Krzysztof Rak zosta\u0142 nowym szefem &quot;Wiadomo\u015bci&quot; TVP1. Zast\u0105pi\u0142 Dorot\u0119 Maciej\u0119, kt&oacute;ra obj\u0119\u0142a stanowisko dyrektora Jedynki.","protected":false},"author":1,"featured_media":53015,"comment_status":"open","ping_status":"closed","sticky":false,"template":"","format":"standard","meta":{"csco_display_header_overlay":false,"csco_singular_sidebar":"","csco_page_header_type":"","csco_page_load_nextpost":"","csco_post_video_location":[],"csco_post_video_location_hash":"","csco_post_video_url":"","csco_post_video_bg_start_time":0,"csco_post_video_bg_end_time":0,"footnotes":""},"categories":[9670],"tags":[558,1096],"class_list":{"0":"post-53014","1":"post","2":"type-post","3":"status-publish","4":"format-standard","5":"has-post-thumbnail","7":"category-tv","8":"tag-tvp1","9":"tag-wiadomosci","10":"cs-entry","11":"cs-video-wrap"},"_links":{"self":[{"href":"https:\/\/mediarun.com\/pl\/wp-json\/wp\/v2\/posts\/53014","targetHints":{"allow":["GET"]}}],"collection":[{"href":"https:\/\/mediarun.com\/pl\/wp-json\/wp\/v2\/posts"}],"about":[{"href":"https:\/\/mediarun.com\/pl\/wp-json\/wp\/v2\/types\/post"}],"author":[{"embeddable":true,"href":"https:\/\/mediarun.com\/pl\/wp-json\/wp\/v2\/users\/1"}],"replies":[{"embeddable":true,"href":"https:\/\/mediarun.com\/pl\/wp-json\/wp\/v2\/comments?post=53014"}],"version-history":[{"count":0,"href":"https:\/\/mediarun.com\/pl\/wp-json\/wp\/v2\/posts\/53014\/revisions"}],"wp:featuredmedia":[{"embeddable":true,"href":"https:\/\/mediarun.com\/pl\/wp-json\/wp\/v2\/media\/53015"}],"wp:attachment":[{"href":"https:\/\/mediarun.com\/pl\/wp-json\/wp\/v2\/media?parent=53014"}],"wp:term":[{"taxonomy":"category","embeddable":true,"href":"https:\/\/mediarun.com\/pl\/wp-json\/wp\/v2\/categories?post=53014"},{"taxonomy":"post_tag","embeddable":true,"href":"https:\/\/mediarun.com\/pl\/wp-json\/wp\/v2\/tags?post=53014"}],"curies":[{"name":"wp","href":"https:\/\/api.w.org\/{rel}","templated":true}]}}