{"id":52986,"date":"2008-03-14T11:40:28","date_gmt":"2008-03-14T10:40:28","guid":{"rendered":"https:\/\/mediarun.com\/index.php\/news-posts\/nowe-osoby-w-dziale-marketingu-newsweeka-i-forbesa\/"},"modified":"2008-03-14T11:40:28","modified_gmt":"2008-03-14T10:40:28","slug":"nowe-osoby-w-dziale-marketingu-newsweeka-i-forbesa","status":"publish","type":"post","link":"https:\/\/mediarun.com\/pl\/ludzie\/awanse\/nowe-osoby-w-dziale-marketingu-newsweeka-i-forbesa.html","title":{"rendered":"Nowe osoby w dziale marketingu Newsweeka i Forbesa"},"content":{"rendered":"<div>Ferlas jako PR &amp; event manager b\u0119dzie odpowiada\u0107 za organizacje projekt&oacute;w specjalnych oraz konferencji dla tygodnika Newsweek. Ostatnio pracowa\u0142a w warszawskim hotelu Rialto jako PR manager.<\/div>\n<div><\/div>\n<div>Sofu\u0142 zosta\u0142 zast\u0119pc\u0105 dyrektora marketingu. Odpowiada za komunikacje marketingow\u0105 tytu\u0142&oacute;w Forbes i Newsweek Polska. Ostatnio pracowa\u0142 w wydawnictwie Edipresse jako kierownik ds. promocji i rozwoju.<\/div>\n","protected":false},"excerpt":{"rendered":"Katarzyna Ferlas i Tomasz Sofu\u0142 do\u0142\u0105czyli do zintegrowanego dzia\u0142u marketingu Newsweeka i Forbesa.&nbsp;","protected":false},"author":1,"featured_media":52987,"comment_status":"open","ping_status":"closed","sticky":false,"template":"","format":"standard","meta":{"csco_display_header_overlay":false,"csco_singular_sidebar":"","csco_page_header_type":"","csco_page_load_nextpost":"","csco_post_video_location":[],"csco_post_video_location_hash":"","csco_post_video_url":"","csco_post_video_bg_start_time":0,"csco_post_video_bg_end_time":0,"footnotes":""},"categories":[9678],"tags":[112,177],"class_list":{"0":"post-52986","1":"post","2":"type-post","3":"status-publish","4":"format-standard","5":"has-post-thumbnail","7":"category-awanse","8":"tag-forbes","9":"tag-newsweek","10":"cs-entry","11":"cs-video-wrap"},"_links":{"self":[{"href":"https:\/\/mediarun.com\/pl\/wp-json\/wp\/v2\/posts\/52986","targetHints":{"allow":["GET"]}}],"collection":[{"href":"https:\/\/mediarun.com\/pl\/wp-json\/wp\/v2\/posts"}],"about":[{"href":"https:\/\/mediarun.com\/pl\/wp-json\/wp\/v2\/types\/post"}],"author":[{"embeddable":true,"href":"https:\/\/mediarun.com\/pl\/wp-json\/wp\/v2\/users\/1"}],"replies":[{"embeddable":true,"href":"https:\/\/mediarun.com\/pl\/wp-json\/wp\/v2\/comments?post=52986"}],"version-history":[{"count":0,"href":"https:\/\/mediarun.com\/pl\/wp-json\/wp\/v2\/posts\/52986\/revisions"}],"wp:featuredmedia":[{"embeddable":true,"href":"https:\/\/mediarun.com\/pl\/wp-json\/wp\/v2\/media\/52987"}],"wp:attachment":[{"href":"https:\/\/mediarun.com\/pl\/wp-json\/wp\/v2\/media?parent=52986"}],"wp:term":[{"taxonomy":"category","embeddable":true,"href":"https:\/\/mediarun.com\/pl\/wp-json\/wp\/v2\/categories?post=52986"},{"taxonomy":"post_tag","embeddable":true,"href":"https:\/\/mediarun.com\/pl\/wp-json\/wp\/v2\/tags?post=52986"}],"curies":[{"name":"wp","href":"https:\/\/api.w.org\/{rel}","templated":true}]}}